{"id":24850,"date":"2023-05-21T00:09:40","date_gmt":"2023-05-20T22:09:40","guid":{"rendered":"http:\/\/www.studiogera.de\/001\/?p=24850"},"modified":"2023-05-21T00:39:48","modified_gmt":"2023-05-20T22:39:48","slug":"internationaler-museumstag-am-21-mai-2023","status":"publish","type":"post","link":"https:\/\/www.studiogera.de\/001\/2023\/05\/21\/internationaler-museumstag-am-21-mai-2023\/","title":{"rendered":"INTERNATIONALER MUSEUMSTAG AM 21. MAI 2023"},"content":{"rendered":"\n<p>Der Internationale Museumstag findet im Jahr 2023 bereits zum 46. Mal statt. Er wird j\u00e4hrlich vom Internationalen Museumsrat ICOM ausgerufen und in Deutschland an einem Sonntag zelebriert. Als diesj\u00e4hriges Motto wurde \u201eMuseen, Nachhaltigkeit und Wohlbefinden\u201c thematisiert. Ziel des Museumstages ist es, auf die Museen in Deutschland und weltweit aufmerksam zu machen und Besucherinnen und Besucher einzuladen, die Vielfalt der Museen zu entdecken. Zahlreiche Museen der Bundesrepublik nutzen diesen Tag, um sich sowohl mit geplanten analogen Angeboten oder auch mit schon jetzt nutzbaren digitalen M\u00f6glichkeiten am Aktionstag zu beteiligen.<\/p>\n\n\n\n<p>Die st\u00e4dtischen Museen in Gera bereiten an diesem Tag f\u00fcr die Besucher besondere F\u00fchrungen vor und laden ein, sich am Sonntag, den 21. Mai 2023, wieder einmal die Zeit f\u00fcr einen Museumsbesuch zu nehmen. Als Besonderheit anl\u00e4sslich des Internationalen Museumstages ist auch 2023 an diesem Sonntag der Besuch aller st\u00e4dtischen Museen eintrittsfrei. Damit soll einmal mehr die Rolle der Museen als kulturelle Bildungseinrichtungen hervorgehoben werden und ein Besuch ohne jegliche finanzielle H\u00fcrden m\u00f6glich sein.<\/p>\n\n\n\n<p>In Deutschland wird der Internationale Museumstag vom Deutschen Museumsbund bundesweit koordiniert und in enger Kooperation mit den Museumverb\u00e4nden der L\u00e4nder sowie den Museen vor Ort umgesetzt. Der Museumstag wurde 1978 vom Internationalen Museumsrat ICOM (International Council of Museums) ins Leben gerufen, um die \u00d6ffentlichkeit auf die Rolle der Museen, die diese in der gesellschaftlichen Entwicklung einnehmen, aufmerksam zu machen. Seither macht der j\u00e4hrlich um den 18. Mai stattfindende Museumstag auf das breite Spektrum der Museumsarbeit und die thematische Vielfalt der Museen in aller Welt aufmerksam.<\/p>\n\n\n\n<p>Im Einzelnen halten die st\u00e4dtischen Museen am Sonntag, den 21. Mai 2023, von 11 Uhr bis 17 Uhr folgendes f\u00fcr ihre Besucher bereit:<\/p>\n\n\n\n<p><strong>Kunstsammlung \u2013 Orangerie (Orangerieplatz 1)<\/strong><\/p>\n\n\n\n<p>\u2022 Sonderausstellung: G\u00fcnther Selichar: Schirmherrschaft (6. April bis 11. Juni 2023)<br>(S\u00fcdfl\u00fcgel, Mittelpavillon)<\/p>\n\n\n\n<p>Um 15 Uhr findet eine \u00f6ffentliche F\u00fchrung in der Ausstellung statt. Die Ausstellung \u201eG\u00fcnther Selichar: Schirmherrschaft\u201c ist ein bedeutendes Kooperationsprojekt zwischen der Kunstsammlung Gera und dem renommierten Museum der Moderne in Salzburg.<br>Mit der neuen Sonderausstellung \u201eG\u00fcnther Selichar: Schirmherrschaft\u201c widmet sich die Kunstsammlung Gera einer wichtigen zeitgen\u00f6ssischen Position im Bereich der Medienkunst.<\/p>\n\n\n\n<p>\u2022 Dauerausstellung: Otto Dix \u2013 Werke von 1944 bis 1969 aus der Geraer Sammlung<br>(Nordfl\u00fcgel)<\/p>\n\n\n\n<p><strong>Kunstsammlung \u2013 Otto-Dix-Haus (Mohrenplatz 4)<\/strong><\/p>\n\n\n\n<p>\u2022 Dauerausstellung: \u201eOtto-Dix\u201e<br>\u2022 Sonderausstellung: \u201e\u2026. aus dem Handgelenk geschleudert\u201c \u2013 Fritz Zalisz (1893 \u2013 1971)<\/p>\n\n\n\n<p><strong>Museum f\u00fcr Angewandte Kunst (Greizer Stra\u00dfe 37)<\/strong><\/p>\n\n\n\n<p>\u2022 Sonderausstellung: August Sander \u2013 Spiegel der Zeit. Aus dem Zyklus: Menschen des 20. Jahrhunderts<\/p>\n\n\n\n<p>Um 14 Uhr findet eine \u00f6ffentliche F\u00fchrung durch die Sonderausstellung statt.<br>F\u00fcr die Kinder h\u00e4lt das Museum w\u00e4hrend der \u00d6ffnungszeit ein Quiz zur Ausstellung bereit.<\/p>\n\n\n\n<p>\u2022 Dauerausstellung: Art d\u00e9co und Funktionalismus. Angewandte Kunst zwischen den Weltkriegen,<\/p>\n\n\n\n<p><strong>Museum f\u00fcr Naturkunde (Nicolaiberg 3)<\/strong><\/p>\n\n\n\n<p>\u2022 Sonderausstellung: Gez\u00e4hmte Eilende \u2013 Die Wei\u00dfe Elster und ihr Tal zwischen Greiz und Bad K\u00f6stritz (noch bis 15. November 2023)<\/p>\n\n\n\n<p>Um 15 Uhr findet ein Vortrag \u201eVon Perlen unter den Muscheln\u201c mit F\u00fchrung statt. Der Zoologe des Museums l\u00e4dt zu einer Vortragsveranstaltung mit Begehung der Sonderausstellung ein. Das Thema dreht sich um die Vielfalt in der Tierklasse der Muscheln. Vom millimetergro\u00dfen, blutsaugenden Winzling bis zur 200 Kilogramm schweren, ber\u00fcchtigten \u201eM\u00f6rdermuschel\u201c haben die Weichtiere mit den zwei Schalenklappen einiges zu erz\u00e4hlen und beherbergen nicht zuletzt wahre Sch\u00e4tze. Vielen Besuchern ist sicher nicht bekannt, dass bis ins 19. Jahrhundert f\u00fcr die Wei\u00dfe Elster f\u00fcrstliche \u201eSch\u00fcrfrechte\u201c f\u00fcr S\u00fc\u00dfwasserperlen vergeben wurden, bis die heimischen Best\u00e4nde der Flussperlmuschel zum Erliegen kamen. Und was ist eigentlich Perlmutt? Die aufgesammelten Schalen von letzten Strandurlaub k\u00f6nnen gerne mitgebracht und im Nachgang bestimmt werden. Es wird um Verst\u00e4ndnis gebeten, dass die Teilnehmerzahl f\u00fcr diese F\u00fchrung begrenzt ist.<\/p>\n\n\n\n<p>\u2022 st\u00e4ndige Ausstellung: Ostth\u00fcringen als Landschaftsraum \u2013 zur Geologie, Flora und Fauna<br>\u2022 st\u00e4ndige Ausstellung: Die Minerale Ostth\u00fcringens<br>\u2022 st\u00e4ndige Ausstellung: Das Einmaleins der Minerale \u2013 Entstehung, Gestalt und Nutzen<br>\u2022 Kabinettausstellung: Herrscher auf dem Meeresgrund \u2013 Brachiopoden der Geraer Zechsteinlagune vor 255&#8217;000&#8217;000 Jahren (noch bis 28. Mai 2023)<\/p>\n\n\n\n<p><strong>Stadtmuseum (Museumsplatz 1)<\/strong><\/p>\n\n\n\n<p>\u2022 Themenausstellung: \u201eRomantisches Gera\u201c \u2013 B\u00fcrgerliches Leben im 19. Jahrhundert in den Werken der Malerfamilie Fischer<\/p>\n\n\n\n<p>Um 14 Uhr und 16 Uhr bietet das Stadtmuseum durch die Themenausstellung \u201aRomantisches Gera. B\u00fcrgerliches Leben im 19. Jahrhundert in den Werken der Malerfamilie Fischer\u2018 am Internationalen Museumstag F\u00fchrungen an. Zwischen 1800 und 1900 wandelt sich Gera von einer Handels- und Gewerbestadt mit etwa 7.000 Einwohnern zur gr\u00f6\u00dften Industriestadt der th\u00fcringischen Staaten mit etwa 46.000 Einwohnern. Zu den bekanntesten Geraer Malern dieses ereignisreichen Jahrhunderts geh\u00f6ren zweifellos Heinrich Fischer (1786 \u2013 1850) und sein Sohn Theodor Fischer (1824 \u2013 1908). Vater und Sohn beherrschen ihre Arbeitsmittel perfekt. Sie malen, was sie sehen, aber sie malen nicht alles. Beide zeigen \u2013 eingebettet in die romantischen Vorstellungen ihrer Zeit \u2013 fast ausschlie\u00dflich die idyllischen Seiten ihres Universums. Die Ausstellung \u201eRomantisches Gera\u201c zeigt etwa 110 Arbeiten der beiden Maler, die zu au\u00dfergew\u00f6hnlichen Chronisten des 19. Jahrhunderts in Gera wurden.<\/p>\n\n\n\n<p>\u2022 Dauerausstellung: Geschichte Geras von der ersten Besiedlung bis heute<br>\u2022 Sonderausstellung: Musikinstrumente aus Gera (noch bis 29. Mai 2023)<br>\u2022 Studioausstellung: Land unter. Hochwasser 2013 in Gera (Fotografien von Robby Rotha)<\/p>\n\n\n\n<p><strong>Historische H\u00f6hler (Eingang beim Schreiberschen Haus)<\/strong><\/p>\n\n\n\n<p>\u2022 unterirdischer Rundgang durch Geras Brau- und Biergeschichte.<\/p>\n\n\n\n<p>Die Historischen H\u00f6hler Geras sind ausschlie\u00dflich im Rahmen von F\u00fchrungen zu besichtigen. Diese finden um 11 Uhr, 13 Uhr und 15 Uhr statt.<\/p>\n\n\n\n<p>QUELLE: STADTVERWALTUNG<\/p>\n","protected":false},"excerpt":{"rendered":"<div class=\"mh-excerpt\"><p>Der Internationale Museumstag findet im Jahr 2023 bereits zum 46. Mal statt. Er wird j\u00e4hrlich vom Internationalen Museumsrat ICOM ausgerufen und in Deutschland an einem Sonntag zelebriert. Als diesj\u00e4hriges Motto wurde \u201eMuseen, Nachhaltigkeit und Wohlbefinden\u201c <a class=\"mh-excerpt-more\" href=\"https:\/\/www.studiogera.de\/001\/2023\/05\/21\/internationaler-museumstag-am-21-mai-2023\/\" title=\"INTERNATIONALER MUSEUMSTAG AM 21. MAI 2023\">[&#8230;]<\/a><\/p>\n<\/div>","protected":false},"author":2,"featured_media":24852,"comment_status":"open","ping_status":"open","sticky":false,"template":"","format":"standard","meta":{"footnotes":""},"categories":[8],"tags":[],"class_list":{"0":"post-24850","1":"post","2":"type-post","3":"status-publish","4":"format-standard","5":"has-post-thumbnail","7":"category-kultur"},"_links":{"self":[{"href":"https:\/\/www.studiogera.de\/001\/wp-json\/wp\/v2\/posts\/24850","targetHints":{"allow":["GET"]}}],"collection":[{"href":"https:\/\/www.studiogera.de\/001\/wp-json\/wp\/v2\/posts"}],"about":[{"href":"https:\/\/www.studiogera.de\/001\/wp-json\/wp\/v2\/types\/post"}],"author":[{"embeddable":true,"href":"https:\/\/www.studiogera.de\/001\/wp-json\/wp\/v2\/users\/2"}],"replies":[{"embeddable":true,"href":"https:\/\/www.studiogera.de\/001\/wp-json\/wp\/v2\/comments?post=24850"}],"version-history":[{"count":2,"href":"https:\/\/www.studiogera.de\/001\/wp-json\/wp\/v2\/posts\/24850\/revisions"}],"predecessor-version":[{"id":24855,"href":"https:\/\/www.studiogera.de\/001\/wp-json\/wp\/v2\/posts\/24850\/revisions\/24855"}],"wp:featuredmedia":[{"embeddable":true,"href":"https:\/\/www.studiogera.de\/001\/wp-json\/wp\/v2\/media\/24852"}],"wp:attachment":[{"href":"https:\/\/www.studiogera.de\/001\/wp-json\/wp\/v2\/media?parent=24850"}],"wp:term":[{"taxonomy":"category","embeddable":true,"href":"https:\/\/www.studiogera.de\/001\/wp-json\/wp\/v2\/categories?post=24850"},{"taxonomy":"post_tag","embeddable":true,"href":"https:\/\/www.studiogera.de\/001\/wp-json\/wp\/v2\/tags?post=24850"}],"curies":[{"name":"wp","href":"https:\/\/api.w.org\/{rel}","templated":true}]}}