{"id":24875,"date":"2023-05-22T22:40:23","date_gmt":"2023-05-22T20:40:23","guid":{"rendered":"http:\/\/www.studiogera.de\/001\/?p=24875"},"modified":"2023-05-26T21:21:58","modified_gmt":"2023-05-26T19:21:58","slug":"gustav-hennig-platz-wird-fuer-motorisierten-verkehr-gesperrt","status":"publish","type":"post","link":"https:\/\/www.studiogera.de\/001\/2023\/05\/22\/gustav-hennig-platz-wird-fuer-motorisierten-verkehr-gesperrt\/","title":{"rendered":"GUSTAV-HENNIG-PLATZ WIRD F\u00dcR MOTORISIERTEN VERKEHR GESPERRT"},"content":{"rendered":"\n<p>Nach der \u00fcberwiegend positiven Resonanz auf den im vergangenen September durchgef\u00fchrten Verkehrsversuch am Gustav-Hennig-Platz hat sich die Stadtverwaltung in Abstimmung mit dem Ausschuss f\u00fcr Bau, Umwelt, Verkehr und Liegenschaften dazu entschieden, den Bereich dauerhaft f\u00fcr den motorisierten Verkehr zu sperren. Daf\u00fcr werden am 25. Mai 2023 gro\u00dfe Pflanzk\u00fcbel aufgestellt, die bereits w\u00e4hrend des Verkehrsversuchs zum Einsatz kamen. Konkret betroffen ist dabei die Rudolf-Diener-Stra\u00dfe oberhalb der Schlo\u00dfstra\u00dfe, die fortan nur noch von Fu\u00dfg\u00e4ngern und Radfahrern genutzt werden kann. Die Schlo\u00dfstra\u00dfe und das Parkhaus \u201eZentrum\u201c sind fortan nur noch \u00fcber die Dr.-Eckener-Stra\u00dfe erreichbar. Nach Hinweisen aus dem Verkehrsversuch wird au\u00dferdem die Rudolf-Diener-Stra\u00dfe zwischen Amthorstra\u00dfe und Humboldtstra\u00dfe bergauf als Einbahnstra\u00dfe eingerichtet, wobei der Fahrradverkehr weiterhin in beide Richtungen fahren darf.<\/p>\n\n\n\n<p>Mit der erneuten Sperrung reagiert die Stadt nun auf diese Ergebnisse und wartet nicht bis zur Umgestaltung des Gustav-Hennig-Platzes, die in den kommenden Jahren durchgef\u00fchrt werden soll. Michael Sonntag, Dezernent f\u00fcr Stadtentwicklung, Bau und Umwelt, erkl\u00e4rt:<\/p>\n\n\n\n<blockquote class=\"wp-block-quote is-layout-flow wp-block-quote-is-layout-flow\">\n<p>\u201eUnser Ziel ist es, noch mehr Bereiche der Innenstadt als attraktiven Aufenthaltsraum zu gestalten, mit hochwertigen Gr\u00fcnfl\u00e4chen und Verweilcharakter, damit sich die Menschen gern dort aufhalten. Doch daf\u00fcr m\u00fcssen auch die aktuell von Autoverkehr dominierten Verkehrsr\u00e4ume umgestaltet werden. Die Ergebnisse aus dem Verkehrsversuch stimmen optimistisch, dass der Gustav-Hennig-Platz ein solcher Ort werden kann.\u201c<\/p>\n<\/blockquote>\n\n\n\n<p>Der Verkehrsversuch fand im Zeitraum vom 5. bis zum 30. September 2022 statt. Ziel war es dabei herauszufinden, wie sich eine Sperrung an dieser Stelle auf die Verkehrsbelegung rund um den Gustav-Hennig-Platz auswirken w\u00fcrde. Das Ergebnis: Im Bereich zwischen der Schlo\u00dfstra\u00dfe und der Amthorstra\u00dfe ging der motorisierte Verkehr um 66,5 % zur\u00fcck. Auch die Bef\u00fcrchtung, die Humboldtstra\u00dfe k\u00f6nnte aufgrund der Sperrung zum Stau-Schwerpunkt werden, blieb unbegr\u00fcndet. Die Daten aus dem Verkehrsversuchen haben gezeigt, dass im Untersuchungszeitraum kein erh\u00f6htes Verkehrsaufkommen festgestellt werden konnte. Zudem hat der Verkehrsversuch gezeigt, dass die Sperrung des Areals f\u00fcr den KFZ-Verkehr positive Aspekte auf den Fu\u00dfg\u00e4ngerverkehr in der Scho\u00dfstra\u00dfe hatte: Die Querung der Rudolf-Diener-Stra\u00dfe wurde sicherer; insbesondere auf der Ostseite konnten die Fu\u00dfg\u00e4nger sorglos flanieren, weil hier nicht mehr auf kreuzende Kraftfahrzeuge geachtet werden musste.<\/p>\n\n\n\n<p>QUELLE: STADTVERWALTUNG<\/p>\n\n\n\n<hr class=\"wp-block-separator has-alpha-channel-opacity\" \/>\n\n\n\n<p><em>Anmerkung der Redaktion: Die falsche Schreibweise \u201eGustav-Henning-Platz\u201c wurde nachtr\u00e4glich abge\u00e4ndert in \u201eGustav-Hennig-Platz\u201c.<\/em><\/p>\n","protected":false},"excerpt":{"rendered":"<div class=\"mh-excerpt\"><p>Nach der \u00fcberwiegend positiven Resonanz auf den im vergangenen September durchgef\u00fchrten Verkehrsversuch am Gustav-Hennig-Platz hat sich die Stadtverwaltung in Abstimmung mit dem Ausschuss f\u00fcr Bau, Umwelt, Verkehr und Liegenschaften dazu entschieden, den Bereich dauerhaft f\u00fcr <a class=\"mh-excerpt-more\" href=\"https:\/\/www.studiogera.de\/001\/2023\/05\/22\/gustav-hennig-platz-wird-fuer-motorisierten-verkehr-gesperrt\/\" title=\"GUSTAV-HENNIG-PLATZ WIRD F\u00dcR MOTORISIERTEN VERKEHR GESPERRT\">[&#8230;]<\/a><\/p>\n<\/div>","protected":false},"author":2,"featured_media":24877,"comment_status":"open","ping_status":"open","sticky":false,"template":"","format":"standard","meta":{"footnotes":""},"categories":[3],"tags":[],"class_list":{"0":"post-24875","1":"post","2":"type-post","3":"status-publish","4":"format-standard","5":"has-post-thumbnail","7":"category-lokal"},"_links":{"self":[{"href":"https:\/\/www.studiogera.de\/001\/wp-json\/wp\/v2\/posts\/24875","targetHints":{"allow":["GET"]}}],"collection":[{"href":"https:\/\/www.studiogera.de\/001\/wp-json\/wp\/v2\/posts"}],"about":[{"href":"https:\/\/www.studiogera.de\/001\/wp-json\/wp\/v2\/types\/post"}],"author":[{"embeddable":true,"href":"https:\/\/www.studiogera.de\/001\/wp-json\/wp\/v2\/users\/2"}],"replies":[{"embeddable":true,"href":"https:\/\/www.studiogera.de\/001\/wp-json\/wp\/v2\/comments?post=24875"}],"version-history":[{"count":3,"href":"https:\/\/www.studiogera.de\/001\/wp-json\/wp\/v2\/posts\/24875\/revisions"}],"predecessor-version":[{"id":24955,"href":"https:\/\/www.studiogera.de\/001\/wp-json\/wp\/v2\/posts\/24875\/revisions\/24955"}],"wp:featuredmedia":[{"embeddable":true,"href":"https:\/\/www.studiogera.de\/001\/wp-json\/wp\/v2\/media\/24877"}],"wp:attachment":[{"href":"https:\/\/www.studiogera.de\/001\/wp-json\/wp\/v2\/media?parent=24875"}],"wp:term":[{"taxonomy":"category","embeddable":true,"href":"https:\/\/www.studiogera.de\/001\/wp-json\/wp\/v2\/categories?post=24875"},{"taxonomy":"post_tag","embeddable":true,"href":"https:\/\/www.studiogera.de\/001\/wp-json\/wp\/v2\/tags?post=24875"}],"curies":[{"name":"wp","href":"https:\/\/api.w.org\/{rel}","templated":true}]}}