{"id":24924,"date":"2023-05-25T12:42:14","date_gmt":"2023-05-25T10:42:14","guid":{"rendered":"http:\/\/www.studiogera.de\/001\/?p=24924"},"modified":"2023-05-25T12:54:34","modified_gmt":"2023-05-25T10:54:34","slug":"heizung-und-energie-regierung-plant-meldepflicht-und-hohe-strafen","status":"publish","type":"post","link":"https:\/\/www.studiogera.de\/001\/2023\/05\/25\/heizung-und-energie-regierung-plant-meldepflicht-und-hohe-strafen\/","title":{"rendered":"HEIZUNG UND ENERGIE \u2014 REGIERUNG PLANT MELDEPFLICHT UND HOHE STRAFEN"},"content":{"rendered":"\n<p>L\u00e4nder und Kommunen sollen k\u00fcnftig f\u00fcr jedes Geb\u00e4ude die Art der Heizung sowie den Energieverbrauch erfassen. Mit den Angaben m\u00fcssen die Kommunen dann W\u00e4rmepl\u00e4ne erstellen, berichtet die der FDP nahestehenden Zeitung \u201eBild\u201c. Dieser liegt eigenen Angaben zufolge ein ensprechender Referentenentwurf der Bundesregierung f\u00fcr die kommunale W\u00e4rmeplanung vor, erstellt unter den Bundesministern Klara Geywitz und Robert Habeck. Demnach sollen die sogenannten W\u00e4rmepl\u00e4ne f\u00fcr Gro\u00dfst\u00e4dte bis Ende 2026 fertiggestellt sein, f\u00fcr Kleinst\u00e4dte bis Ende 2028.<\/p>\n\n\n\n<p>Konkret will die Bunderegierung wissen, womit die B\u00fcrger in den einzelnen Geb\u00e4uden heizen, wieviel Energie sie verbrauchen und wie ihre H\u00e4user ged\u00e4mmt sind. Erwartet werden Angaben zur Heiztechnik, dem dem eingesetzten Energietr\u00e4ger, zum Jahr der Inbetriebnahme des W\u00e4rmeerzeugers, zur thermischen Leistung des W\u00e4rmeerzeugers in Kilowatt, zur Lage des Geb\u00e4udes, dessen Nutzung, Baujahr, und zu eventuell gesch\u00fctzter Bausubstanz.<\/p>\n\n\n\n<p>Sollte das Gesetz beschlossen und wirksam werden, m\u00fcssen Eigent\u00fcmer ihren exakten Heiz- und Stromverbrauch der letzten drei Jahre f\u00fcr jedes Haus melden. Die L\u00e4nder und Kommunen sind dann aufgefordert \u201egeb\u00e4udescharfe j\u00e4hrliche Endenergieverbr\u00e4uche (\u2026) der letzten drei Jahre in Kilowattstunden pro Jahr\u201c zu erfassen, um darauf basierend die W\u00e4rmepl\u00e4ne zu erstellen. Diese wiederum m\u00fcssen aufzeigen, wie die W\u00e4rmeversorgung bis 2045 klimaneutral werden kann. Bei Verzug k\u00f6nnen hohe Strafen verh\u00e4ngt werden.<\/p>\n\n\n\n<p>Der Deutschlandfunk beschrieb das Vorhaben als eine Inventur f\u00fcr Gas-, Strom- und W\u00e4rmenetze in den Kommunen. Nach Angaben der \u201eBild\u201c sprach Mario Vogt, Landesvorsitzender der CDU Th\u00fcringen, von einem \u201eHeizungswahn\u201c und einer \u201eEnergie-Stasi\u201c.<\/p>\n\n\n\n<p>Die Zustimmung des Bundeskabinetts steht noch aus. Im Herbst soll sich der Bundestag mit dem 89-seitigen Entwurf befassen. Er tr\u00e4gt den Titel \u201eGesetz f\u00fcr die W\u00e4rmeplanung und zur Dekarbonisierung der W\u00e4rmenetze\u201c.<\/p>\n\n\n\n<p>Wegen der angestrebten Klimaneutralit\u00e4t laufen letztlich alle Ma\u00dfnahmen darauf hinaus, dass bereits vorhandene nat\u00fcrliche Energietr\u00e4ger nicht mehr genutzt werden k\u00f6nnen, wenn die Energiefreisetzung mittels Verbrennung erfolgt. Bei Verst\u00f6\u00dfen gegen das Klimaneutralit\u00e4tsgebot, etwa durch Nutzung von \u00d6l und Gas, drohen ab dem Jahre 2045 Strafen in H\u00f6he von bis zu einer Million Euro.<\/p>\n","protected":false},"excerpt":{"rendered":"<div class=\"mh-excerpt\"><p>L\u00e4nder und Kommunen sollen k\u00fcnftig f\u00fcr jedes Geb\u00e4ude die Art der Heizung sowie den Energieverbrauch erfassen. Mit den Angaben m\u00fcssen die Kommunen dann W\u00e4rmepl\u00e4ne erstellen, berichtet die der FDP nahestehenden Zeitung \u201eBild\u201c. Dieser liegt eigenen <a class=\"mh-excerpt-more\" href=\"https:\/\/www.studiogera.de\/001\/2023\/05\/25\/heizung-und-energie-regierung-plant-meldepflicht-und-hohe-strafen\/\" title=\"HEIZUNG UND ENERGIE \u2014 REGIERUNG PLANT MELDEPFLICHT UND HOHE STRAFEN\">[&#8230;]<\/a><\/p>\n<\/div>","protected":false},"author":2,"featured_media":9860,"comment_status":"open","ping_status":"open","sticky":false,"template":"","format":"standard","meta":{"footnotes":""},"categories":[2],"tags":[],"class_list":{"0":"post-24924","1":"post","2":"type-post","3":"status-publish","4":"format-standard","5":"has-post-thumbnail","7":"category-weltweit"},"_links":{"self":[{"href":"https:\/\/www.studiogera.de\/001\/wp-json\/wp\/v2\/posts\/24924","targetHints":{"allow":["GET"]}}],"collection":[{"href":"https:\/\/www.studiogera.de\/001\/wp-json\/wp\/v2\/posts"}],"about":[{"href":"https:\/\/www.studiogera.de\/001\/wp-json\/wp\/v2\/types\/post"}],"author":[{"embeddable":true,"href":"https:\/\/www.studiogera.de\/001\/wp-json\/wp\/v2\/users\/2"}],"replies":[{"embeddable":true,"href":"https:\/\/www.studiogera.de\/001\/wp-json\/wp\/v2\/comments?post=24924"}],"version-history":[{"count":3,"href":"https:\/\/www.studiogera.de\/001\/wp-json\/wp\/v2\/posts\/24924\/revisions"}],"predecessor-version":[{"id":24931,"href":"https:\/\/www.studiogera.de\/001\/wp-json\/wp\/v2\/posts\/24924\/revisions\/24931"}],"wp:featuredmedia":[{"embeddable":true,"href":"https:\/\/www.studiogera.de\/001\/wp-json\/wp\/v2\/media\/9860"}],"wp:attachment":[{"href":"https:\/\/www.studiogera.de\/001\/wp-json\/wp\/v2\/media?parent=24924"}],"wp:term":[{"taxonomy":"category","embeddable":true,"href":"https:\/\/www.studiogera.de\/001\/wp-json\/wp\/v2\/categories?post=24924"},{"taxonomy":"post_tag","embeddable":true,"href":"https:\/\/www.studiogera.de\/001\/wp-json\/wp\/v2\/tags?post=24924"}],"curies":[{"name":"wp","href":"https:\/\/api.w.org\/{rel}","templated":true}]}}