{"id":24941,"date":"2023-05-25T13:27:52","date_gmt":"2023-05-25T11:27:52","guid":{"rendered":"http:\/\/www.studiogera.de\/001\/?p=24941"},"modified":"2023-05-25T13:27:53","modified_gmt":"2023-05-25T11:27:53","slug":"notarztwagen-im-visier-von-dieben","status":"publish","type":"post","link":"https:\/\/www.studiogera.de\/001\/2023\/05\/25\/notarztwagen-im-visier-von-dieben\/","title":{"rendered":"NOTARZTWAGEN IM VISIER VON DIEBEN"},"content":{"rendered":"\n<p>Dreiste Diebe sorgten am Freitagabend, den 19. Mai 2023, f\u00fcr einen Polizeieinsatz. Gegen 21:30 Uhr verschafften sie sich unberechtigt Zugang zu einem Notarztfahrzeug, welches in einer Garage im Gr\u00fcnen Weg abgestellt war. Aus dem Fahrzeug stahlen die T\u00e4ter medizinisches Verbandsmaterial. Die Geraer Polizei sucht im Rahmen der Ermittlungen nach Zeugen, die Hinweise zu den Dieben geben k\u00f6nnen. Zeugen, die zum Tatzeitpunkt ungew\u00f6hnliche Personenbewegungen in Tatortn\u00e4he bemerkt haben, werden gebeten, sich unter der Rufnummer 0365 8290 bei der hiesigen Dienststelle zu melden.<\/p>\n","protected":false},"excerpt":{"rendered":"<div class=\"mh-excerpt\"><p>Dreiste Diebe sorgten am Freitagabend, den 19. Mai 2023, f\u00fcr einen Polizeieinsatz. Gegen 21:30 Uhr verschafften sie sich unberechtigt Zugang zu einem Notarztfahrzeug, welches in einer Garage im Gr\u00fcnen Weg abgestellt war. Aus dem Fahrzeug <a class=\"mh-excerpt-more\" href=\"https:\/\/www.studiogera.de\/001\/2023\/05\/25\/notarztwagen-im-visier-von-dieben\/\" title=\"NOTARZTWAGEN IM VISIER VON DIEBEN\">[&#8230;]<\/a><\/p>\n<\/div>","protected":false},"author":2,"featured_media":9353,"comment_status":"open","ping_status":"open","sticky":false,"template":"","format":"standard","meta":{"footnotes":""},"categories":[13],"tags":[],"class_list":{"0":"post-24941","1":"post","2":"type-post","3":"status-publish","4":"format-standard","5":"has-post-thumbnail","7":"category-polizeiberichte"},"_links":{"self":[{"href":"https:\/\/www.studiogera.de\/001\/wp-json\/wp\/v2\/posts\/24941","targetHints":{"allow":["GET"]}}],"collection":[{"href":"https:\/\/www.studiogera.de\/001\/wp-json\/wp\/v2\/posts"}],"about":[{"href":"https:\/\/www.studiogera.de\/001\/wp-json\/wp\/v2\/types\/post"}],"author":[{"embeddable":true,"href":"https:\/\/www.studiogera.de\/001\/wp-json\/wp\/v2\/users\/2"}],"replies":[{"embeddable":true,"href":"https:\/\/www.studiogera.de\/001\/wp-json\/wp\/v2\/comments?post=24941"}],"version-history":[{"count":1,"href":"https:\/\/www.studiogera.de\/001\/wp-json\/wp\/v2\/posts\/24941\/revisions"}],"predecessor-version":[{"id":24942,"href":"https:\/\/www.studiogera.de\/001\/wp-json\/wp\/v2\/posts\/24941\/revisions\/24942"}],"wp:featuredmedia":[{"embeddable":true,"href":"https:\/\/www.studiogera.de\/001\/wp-json\/wp\/v2\/media\/9353"}],"wp:attachment":[{"href":"https:\/\/www.studiogera.de\/001\/wp-json\/wp\/v2\/media?parent=24941"}],"wp:term":[{"taxonomy":"category","embeddable":true,"href":"https:\/\/www.studiogera.de\/001\/wp-json\/wp\/v2\/categories?post=24941"},{"taxonomy":"post_tag","embeddable":true,"href":"https:\/\/www.studiogera.de\/001\/wp-json\/wp\/v2\/tags?post=24941"}],"curies":[{"name":"wp","href":"https:\/\/api.w.org\/{rel}","templated":true}]}}