{"id":24952,"date":"2023-05-26T05:59:59","date_gmt":"2023-05-26T03:59:59","guid":{"rendered":"http:\/\/www.studiogera.de\/001\/?p=24952"},"modified":"2023-05-26T06:00:00","modified_gmt":"2023-05-26T04:00:00","slug":"weitere-meldungen-aus-gera-36","status":"publish","type":"post","link":"https:\/\/www.studiogera.de\/001\/2023\/05\/26\/weitere-meldungen-aus-gera-36\/","title":{"rendered":"WEITERE MELDUNGEN AUS GERA"},"content":{"rendered":"\n<p>Die FAB Grundbesitz-Gesellschaft hat einen Teil des fr\u00fcheren Milchhof-Gel\u00e4ndes an das Hamburger Unternehmen Garbe Industrial Real Estate verkauft. Nach dem Abriss der alten Geb\u00e4ude an der Siemesstra\u00dfe will diese dort eine Logistik- und Gewerbehalle errichten und im April 2024 mit dem Bau beginnen.<\/p>\n\n\n\n<p>Am kommenden Dienstag wird die Sommerbepflanzung im K\u00fcchengarten feierlich \u00fcbergeben, die durch Stiftung Landschaftspflege der Sparkasse Gera-Greiz mit F\u00f6rdergeldern in H\u00f6he von 5000 Euro sowie das Engagement vieler B\u00fcrger m\u00f6glich gemacht wurde.<\/p>\n\n\n\n<p>Vierzig T\u00f6pfereien und Werkst\u00e4tten aus ganz Deutschland sind am 27. und 28. Mai 2023 wieder auf dem historischen Marktplatz der Stadt Gera und in der Kleinen Kirchstra\u00dfe zu Gast.<\/p>\n","protected":false},"excerpt":{"rendered":"<div class=\"mh-excerpt\"><p>Die FAB Grundbesitz-Gesellschaft hat einen Teil des fr\u00fcheren Milchhof-Gel\u00e4ndes an das Hamburger Unternehmen Garbe Industrial Real Estate verkauft. Nach dem Abriss der alten Geb\u00e4ude an der Siemesstra\u00dfe will diese dort eine Logistik- und Gewerbehalle errichten <a class=\"mh-excerpt-more\" href=\"https:\/\/www.studiogera.de\/001\/2023\/05\/26\/weitere-meldungen-aus-gera-36\/\" title=\"WEITERE MELDUNGEN AUS GERA\">[&#8230;]<\/a><\/p>\n<\/div>","protected":false},"author":3,"featured_media":22601,"comment_status":"open","ping_status":"open","sticky":false,"template":"","format":"standard","meta":{"footnotes":""},"categories":[16],"tags":[],"class_list":{"0":"post-24952","1":"post","2":"type-post","3":"status-publish","4":"format-standard","5":"has-post-thumbnail","7":"category-kurzmitteilungen"},"_links":{"self":[{"href":"https:\/\/www.studiogera.de\/001\/wp-json\/wp\/v2\/posts\/24952","targetHints":{"allow":["GET"]}}],"collection":[{"href":"https:\/\/www.studiogera.de\/001\/wp-json\/wp\/v2\/posts"}],"about":[{"href":"https:\/\/www.studiogera.de\/001\/wp-json\/wp\/v2\/types\/post"}],"author":[{"embeddable":true,"href":"https:\/\/www.studiogera.de\/001\/wp-json\/wp\/v2\/users\/3"}],"replies":[{"embeddable":true,"href":"https:\/\/www.studiogera.de\/001\/wp-json\/wp\/v2\/comments?post=24952"}],"version-history":[{"count":1,"href":"https:\/\/www.studiogera.de\/001\/wp-json\/wp\/v2\/posts\/24952\/revisions"}],"predecessor-version":[{"id":24953,"href":"https:\/\/www.studiogera.de\/001\/wp-json\/wp\/v2\/posts\/24952\/revisions\/24953"}],"wp:featuredmedia":[{"embeddable":true,"href":"https:\/\/www.studiogera.de\/001\/wp-json\/wp\/v2\/media\/22601"}],"wp:attachment":[{"href":"https:\/\/www.studiogera.de\/001\/wp-json\/wp\/v2\/media?parent=24952"}],"wp:term":[{"taxonomy":"category","embeddable":true,"href":"https:\/\/www.studiogera.de\/001\/wp-json\/wp\/v2\/categories?post=24952"},{"taxonomy":"post_tag","embeddable":true,"href":"https:\/\/www.studiogera.de\/001\/wp-json\/wp\/v2\/tags?post=24952"}],"curies":[{"name":"wp","href":"https:\/\/api.w.org\/{rel}","templated":true}]}}