{"id":24956,"date":"2023-05-26T21:24:42","date_gmt":"2023-05-26T19:24:42","guid":{"rendered":"http:\/\/www.studiogera.de\/001\/?p=24956"},"modified":"2023-05-26T21:24:43","modified_gmt":"2023-05-26T19:24:43","slug":"pkw-in-der-kupferstrasse-gestohlen","status":"publish","type":"post","link":"https:\/\/www.studiogera.de\/001\/2023\/05\/26\/pkw-in-der-kupferstrasse-gestohlen\/","title":{"rendered":"PKW IN DER KUPFERSTRASSE GESTOHLEN"},"content":{"rendered":"\n<p>Die Kriminalpolizei in Gera hat die Ermittlungen zu einem PKW-Diebstahl aufgenommen und sucht in diesem Zusammenhang nach Zeugen. Der gestohlene Peugeot Boxer, welcher im Inneren speziell f\u00fcr eine Baufirma umgebaut war, stand im Zeitraum vom Sonntag auf Montag, den 22. Mai 2023, ordnungsgem\u00e4\u00df in der Kupferstra\u00dfe in Gera. Im Fahrzeug selbst befanden sich zudem diverse Baumaschinen, Werkzeuge und Baumaterialien. Trotz eingeleiteter Fahndung konnte das wei\u00dfe Firmenfahrzeug nicht aufgefunden werden. Hinweise zu den Fahrzeugdieben bzw. dem Verbleib des Peugeot mit Geraer Kennzeichen nimmt die Geraer Polizei unter der Rufnummer 0365 82341465 oder jede andere Polizeidienststelle entgegen.<\/p>\n","protected":false},"excerpt":{"rendered":"<div class=\"mh-excerpt\"><p>Die Kriminalpolizei in Gera hat die Ermittlungen zu einem PKW-Diebstahl aufgenommen und sucht in diesem Zusammenhang nach Zeugen. Der gestohlene Peugeot Boxer, welcher im Inneren speziell f\u00fcr eine Baufirma umgebaut war, stand im Zeitraum vom <a class=\"mh-excerpt-more\" href=\"https:\/\/www.studiogera.de\/001\/2023\/05\/26\/pkw-in-der-kupferstrasse-gestohlen\/\" title=\"PKW IN DER KUPFERSTRASSE GESTOHLEN\">[&#8230;]<\/a><\/p>\n<\/div>","protected":false},"author":2,"featured_media":9356,"comment_status":"open","ping_status":"open","sticky":false,"template":"","format":"standard","meta":{"footnotes":""},"categories":[13],"tags":[],"class_list":{"0":"post-24956","1":"post","2":"type-post","3":"status-publish","4":"format-standard","5":"has-post-thumbnail","7":"category-polizeiberichte"},"_links":{"self":[{"href":"https:\/\/www.studiogera.de\/001\/wp-json\/wp\/v2\/posts\/24956","targetHints":{"allow":["GET"]}}],"collection":[{"href":"https:\/\/www.studiogera.de\/001\/wp-json\/wp\/v2\/posts"}],"about":[{"href":"https:\/\/www.studiogera.de\/001\/wp-json\/wp\/v2\/types\/post"}],"author":[{"embeddable":true,"href":"https:\/\/www.studiogera.de\/001\/wp-json\/wp\/v2\/users\/2"}],"replies":[{"embeddable":true,"href":"https:\/\/www.studiogera.de\/001\/wp-json\/wp\/v2\/comments?post=24956"}],"version-history":[{"count":1,"href":"https:\/\/www.studiogera.de\/001\/wp-json\/wp\/v2\/posts\/24956\/revisions"}],"predecessor-version":[{"id":24957,"href":"https:\/\/www.studiogera.de\/001\/wp-json\/wp\/v2\/posts\/24956\/revisions\/24957"}],"wp:featuredmedia":[{"embeddable":true,"href":"https:\/\/www.studiogera.de\/001\/wp-json\/wp\/v2\/media\/9356"}],"wp:attachment":[{"href":"https:\/\/www.studiogera.de\/001\/wp-json\/wp\/v2\/media?parent=24956"}],"wp:term":[{"taxonomy":"category","embeddable":true,"href":"https:\/\/www.studiogera.de\/001\/wp-json\/wp\/v2\/categories?post=24956"},{"taxonomy":"post_tag","embeddable":true,"href":"https:\/\/www.studiogera.de\/001\/wp-json\/wp\/v2\/tags?post=24956"}],"curies":[{"name":"wp","href":"https:\/\/api.w.org\/{rel}","templated":true}]}}