{"id":24962,"date":"2023-05-26T22:28:59","date_gmt":"2023-05-26T20:28:59","guid":{"rendered":"http:\/\/www.studiogera.de\/001\/?p=24962"},"modified":"2023-05-26T22:29:01","modified_gmt":"2023-05-26T20:29:01","slug":"streit-in-der-adam-opel-strasse-wegen-waschanlage","status":"publish","type":"post","link":"https:\/\/www.studiogera.de\/001\/2023\/05\/26\/streit-in-der-adam-opel-strasse-wegen-waschanlage\/","title":{"rendered":"STREIT IN DER ADAM-OPEL-STRASSE WEGEN WASCHANLAGE"},"content":{"rendered":"\n<p>Zwei M\u00e4nner im Alter von 61 und 62 Jahren gerieten am 24. Mai kurz vor 10 Uhr in Streit. Ausl\u00f6ser war offenbar die Nutzung einer freien Waschbox bei der Waschanlage in der Adam-Opel-Stra\u00dfe. Zeugen bemerkten den Streit und informierten die Polizei. Eine medizinische Versorgung der beiden Kontrahenten war nicht notwendig. Ein entsprechendes Ermittlungsverfahren wurde eingeleitet.<\/p>\n","protected":false},"excerpt":{"rendered":"<div class=\"mh-excerpt\"><p>Zwei M\u00e4nner im Alter von 61 und 62 Jahren gerieten am 24. Mai kurz vor 10 Uhr in Streit. Ausl\u00f6ser war offenbar die Nutzung einer freien Waschbox bei der Waschanlage in der Adam-Opel-Stra\u00dfe. Zeugen bemerkten <a class=\"mh-excerpt-more\" href=\"https:\/\/www.studiogera.de\/001\/2023\/05\/26\/streit-in-der-adam-opel-strasse-wegen-waschanlage\/\" title=\"STREIT IN DER ADAM-OPEL-STRASSE WEGEN WASCHANLAGE\">[&#8230;]<\/a><\/p>\n<\/div>","protected":false},"author":2,"featured_media":22202,"comment_status":"open","ping_status":"open","sticky":false,"template":"","format":"standard","meta":{"footnotes":""},"categories":[13],"tags":[],"class_list":{"0":"post-24962","1":"post","2":"type-post","3":"status-publish","4":"format-standard","5":"has-post-thumbnail","7":"category-polizeiberichte"},"_links":{"self":[{"href":"https:\/\/www.studiogera.de\/001\/wp-json\/wp\/v2\/posts\/24962","targetHints":{"allow":["GET"]}}],"collection":[{"href":"https:\/\/www.studiogera.de\/001\/wp-json\/wp\/v2\/posts"}],"about":[{"href":"https:\/\/www.studiogera.de\/001\/wp-json\/wp\/v2\/types\/post"}],"author":[{"embeddable":true,"href":"https:\/\/www.studiogera.de\/001\/wp-json\/wp\/v2\/users\/2"}],"replies":[{"embeddable":true,"href":"https:\/\/www.studiogera.de\/001\/wp-json\/wp\/v2\/comments?post=24962"}],"version-history":[{"count":1,"href":"https:\/\/www.studiogera.de\/001\/wp-json\/wp\/v2\/posts\/24962\/revisions"}],"predecessor-version":[{"id":24963,"href":"https:\/\/www.studiogera.de\/001\/wp-json\/wp\/v2\/posts\/24962\/revisions\/24963"}],"wp:featuredmedia":[{"embeddable":true,"href":"https:\/\/www.studiogera.de\/001\/wp-json\/wp\/v2\/media\/22202"}],"wp:attachment":[{"href":"https:\/\/www.studiogera.de\/001\/wp-json\/wp\/v2\/media?parent=24962"}],"wp:term":[{"taxonomy":"category","embeddable":true,"href":"https:\/\/www.studiogera.de\/001\/wp-json\/wp\/v2\/categories?post=24962"},{"taxonomy":"post_tag","embeddable":true,"href":"https:\/\/www.studiogera.de\/001\/wp-json\/wp\/v2\/tags?post=24962"}],"curies":[{"name":"wp","href":"https:\/\/api.w.org\/{rel}","templated":true}]}}