{"id":24969,"date":"2023-05-26T23:05:16","date_gmt":"2023-05-26T21:05:16","guid":{"rendered":"http:\/\/www.studiogera.de\/001\/?p=24969"},"modified":"2023-05-26T23:05:18","modified_gmt":"2023-05-26T21:05:18","slug":"toepfermarkt-am-27-und-28-mai-2023","status":"publish","type":"post","link":"https:\/\/www.studiogera.de\/001\/2023\/05\/26\/toepfermarkt-am-27-und-28-mai-2023\/","title":{"rendered":"T\u00d6PFERMARKT AM 27. UND 28. MAI 2023"},"content":{"rendered":"\n<p>Vierzig T\u00f6pfereien und Werkst\u00e4tten aus ganz Deutschland sind am 27. und 28. Mai 2023 wieder auf dem historischen Marktplatz der Stadt Gera und in der Kleinen Kirchstra\u00dfe zu Gast und bieten nun schon zum 14. Mal klassische sowie moderne T\u00f6pferwaren an beiden Tagen von 10 Uhr bis 18 Uhr an. Der Sondermarkt wird am Samstag, den 27. Mai 2023, um 10 Uhr vom Oberb\u00fcrgermeister Herrn Julian Vonarb auf dem Marktplatz er\u00f6ffnet.<\/p>\n\n\n\n<p>Die aus ganz Deutschland angereisten T\u00f6pfereien pr\u00e4sentieren ausgefallene Einzelst\u00fccke: Von Gef\u00e4\u00dfen f\u00fcr den Garten, Figuren und Plastiken, Gebrauchskeramik bis zu Schmuck \u2014 f\u00fcr jeden ist etwas dabei. Alle Keramiken sind Unikate und stammen ausschlie\u00dflich aus den eigenen Werkst\u00e4tten. Die Besucher k\u00f6nnen beim Schlendern \u00fcber den Marktplatz in Gespr\u00e4chen mit den T\u00f6pfern viel \u00fcber die verschiedenen Techniken erfahren.<\/p>\n\n\n\n<p>Vom Rathausturm wird das Glockenspiel erklingen und die Folkgemeinschaft wird f\u00fcr die Besucher auf dem Marktplatz aufspielen. F\u00fcr das leibliche Wohl ist an St\u00e4nden auf dem Marktplatz und dem Johannisplatz\u00a0mit Imbissangeboten gesorgt.<\/p>\n\n\n\n<p>QUELLE: STADTVERWALTUNG<\/p>\n","protected":false},"excerpt":{"rendered":"<div class=\"mh-excerpt\"><p>Vierzig T\u00f6pfereien und Werkst\u00e4tten aus ganz Deutschland sind am 27. und 28. Mai 2023 wieder auf dem historischen Marktplatz der Stadt Gera und in der Kleinen Kirchstra\u00dfe zu Gast und bieten nun schon zum 14. <a class=\"mh-excerpt-more\" href=\"https:\/\/www.studiogera.de\/001\/2023\/05\/26\/toepfermarkt-am-27-und-28-mai-2023\/\" title=\"T\u00d6PFERMARKT AM 27. UND 28. MAI 2023\">[&#8230;]<\/a><\/p>\n<\/div>","protected":false},"author":2,"featured_media":24970,"comment_status":"open","ping_status":"open","sticky":false,"template":"","format":"standard","meta":{"footnotes":""},"categories":[8],"tags":[],"class_list":{"0":"post-24969","1":"post","2":"type-post","3":"status-publish","4":"format-standard","5":"has-post-thumbnail","7":"category-kultur"},"_links":{"self":[{"href":"https:\/\/www.studiogera.de\/001\/wp-json\/wp\/v2\/posts\/24969","targetHints":{"allow":["GET"]}}],"collection":[{"href":"https:\/\/www.studiogera.de\/001\/wp-json\/wp\/v2\/posts"}],"about":[{"href":"https:\/\/www.studiogera.de\/001\/wp-json\/wp\/v2\/types\/post"}],"author":[{"embeddable":true,"href":"https:\/\/www.studiogera.de\/001\/wp-json\/wp\/v2\/users\/2"}],"replies":[{"embeddable":true,"href":"https:\/\/www.studiogera.de\/001\/wp-json\/wp\/v2\/comments?post=24969"}],"version-history":[{"count":1,"href":"https:\/\/www.studiogera.de\/001\/wp-json\/wp\/v2\/posts\/24969\/revisions"}],"predecessor-version":[{"id":24971,"href":"https:\/\/www.studiogera.de\/001\/wp-json\/wp\/v2\/posts\/24969\/revisions\/24971"}],"wp:featuredmedia":[{"embeddable":true,"href":"https:\/\/www.studiogera.de\/001\/wp-json\/wp\/v2\/media\/24970"}],"wp:attachment":[{"href":"https:\/\/www.studiogera.de\/001\/wp-json\/wp\/v2\/media?parent=24969"}],"wp:term":[{"taxonomy":"category","embeddable":true,"href":"https:\/\/www.studiogera.de\/001\/wp-json\/wp\/v2\/categories?post=24969"},{"taxonomy":"post_tag","embeddable":true,"href":"https:\/\/www.studiogera.de\/001\/wp-json\/wp\/v2\/tags?post=24969"}],"curies":[{"name":"wp","href":"https:\/\/api.w.org\/{rel}","templated":true}]}}