{"id":24972,"date":"2023-05-26T23:13:38","date_gmt":"2023-05-26T21:13:38","guid":{"rendered":"http:\/\/www.studiogera.de\/001\/?p=24972"},"modified":"2023-05-26T23:15:06","modified_gmt":"2023-05-26T21:15:06","slug":"poco-markt-in-gera-wird-am-1-juli-2023-eroeffnet","status":"publish","type":"post","link":"https:\/\/www.studiogera.de\/001\/2023\/05\/26\/poco-markt-in-gera-wird-am-1-juli-2023-eroeffnet\/","title":{"rendered":"POCO-MARKT IN GERA WIRD AM 1. JULI 2023 ER\u00d6FFNET"},"content":{"rendered":"\n<p>Am Samstag, 1. Juli 2023, er\u00f6ffnet der Einrichtungsdiscounter Poco offiziell seinen 127. Markt im ehemaligen Toom-Baumarkt in der Theaterstra\u00dfe 70 in Gera. Zu diesem Anlass rollt Poco den roten Teppich f\u00fcr die Kundinnen und Kunden aus und bietet jedem die M\u00f6glichkeit, an einem kostenlosen Cover-Fotoshooting f\u00fcr das Magazin \u201eOK!\u201c teilzunehmen.<\/p>\n\n\n\n<p>\u201eWir freuen uns auf eine sch\u00f6ne Neuer\u00f6ffnung und darauf, unseren neuen Markt den Kunden zu pr\u00e4sentieren\u201c, sagt Marktleiter Florian Husung. Von 10 Uhr bis 17 Uhr kann sich jeder Kunde, der mag, von einem Profi-Fotografen auf dem roten Teppich vor dem Markt ablichten lassen. Die professionellen Aufnahmen werden dann f\u00fcr einen individuellen Titel des Lifestyle-Magazins \u201eOK!\u201c verwendet. Als Andenken an das Event erh\u00e4lt jeder Teilnehmer seine ganz pers\u00f6nliche Ausgabe mit Bild und eigener Headline per Post.<\/p>\n\n\n\n<p><strong>Moderner Markt mit neuem Farbkonzept<\/strong><br>Das neue Markt-Konzept, das der M\u00f6beldiscounter bisher schon an seinen Standorten Pforzheim und Hanau realisiert hat, wurde auch in Gera umgesetzt. Entlang des Konzeptes wurden bei den Modernisierungsarbeiten statt mit den \u00fcblichen Poco-Farben Rot und Gelb mit Anthrazit und dunklem Rot gearbeitet. \u201eDie Gestaltung der Decke, die gezielte Beleuchtung und die Anordnung der Laufwege sind ebenfalls Aspekte des neuen Konzeptes, die in Gera zu sehen sind\u201c, sagt Florian Husung. Mit dem neuen Konzept m\u00f6chte das Einrichtungsunternehmen ein modernes und hochwertiges Erscheinungsbild schaffen und neue Zielgruppen erschlie\u00dfen.<br>Mit der Ansiedlung im umgebauten Toom-Baumarkt schlie\u00dft Poco die L\u00fccke zwischen seinen Standorten Chemnitz und Zwickau sowie Erfurt und Leipzig. Auf einer Verkaufsfl\u00e4che von zirka 4800 Quadratmetern wird Poco in Gera sein Angebot aus den Bereichen Einrichten und Renovieren pr\u00e4sentieren \u2014 von M\u00f6beln, K\u00fcchen, Teppichen und Bodenbel\u00e4gen bis hin zu Haushaltswaren, Heimtextilien, Tapeten sowie Elektro- und Geschenkartikeln.<\/p>\n\n\n\n<p><strong>\u00dcber Poco<\/strong><br>Poco ist gr\u00f6\u00dfter deutscher Discount-Anbieter rund ums Einrichten und Renovieren. In den einzelnen H\u00e4usern und im Onlineshop werden mehr als 33&#8217;000 Artikel angeboten \u2014 mit einem Sortiment von M\u00f6beln, K\u00fcchen, Teppichen und Bodenbel\u00e4gen bis hin zu Haushaltswaren, Heimtextilien, Tapeten sowie Elektro- und Geschenkartikeln. Die Poco Einrichtungsm\u00e4rkte GmbH betreibt gegenw\u00e4rtig 126 Einrichtungsm\u00e4rkte in allen Teilen Deutschlands und besch\u00e4ftigt ann\u00e4hernd 8000 Mitarbeiter.<\/p>\n\n\n\n<p>QUELLE: HORSCHLER KOMMUNIKATION GMBH<\/p>\n","protected":false},"excerpt":{"rendered":"<div class=\"mh-excerpt\"><p>Am Samstag, 1. Juli 2023, er\u00f6ffnet der Einrichtungsdiscounter Poco offiziell seinen 127. Markt im ehemaligen Toom-Baumarkt in der Theaterstra\u00dfe 70 in Gera. Zu diesem Anlass rollt Poco den roten Teppich f\u00fcr die Kundinnen und Kunden <a class=\"mh-excerpt-more\" href=\"https:\/\/www.studiogera.de\/001\/2023\/05\/26\/poco-markt-in-gera-wird-am-1-juli-2023-eroeffnet\/\" title=\"POCO-MARKT IN GERA WIRD AM 1. JULI 2023 ER\u00d6FFNET\">[&#8230;]<\/a><\/p>\n<\/div>","protected":false},"author":2,"featured_media":24974,"comment_status":"open","ping_status":"open","sticky":false,"template":"","format":"standard","meta":{"footnotes":""},"categories":[4],"tags":[],"class_list":{"0":"post-24972","1":"post","2":"type-post","3":"status-publish","4":"format-standard","5":"has-post-thumbnail","7":"category-wirtschaft"},"_links":{"self":[{"href":"https:\/\/www.studiogera.de\/001\/wp-json\/wp\/v2\/posts\/24972","targetHints":{"allow":["GET"]}}],"collection":[{"href":"https:\/\/www.studiogera.de\/001\/wp-json\/wp\/v2\/posts"}],"about":[{"href":"https:\/\/www.studiogera.de\/001\/wp-json\/wp\/v2\/types\/post"}],"author":[{"embeddable":true,"href":"https:\/\/www.studiogera.de\/001\/wp-json\/wp\/v2\/users\/2"}],"replies":[{"embeddable":true,"href":"https:\/\/www.studiogera.de\/001\/wp-json\/wp\/v2\/comments?post=24972"}],"version-history":[{"count":3,"href":"https:\/\/www.studiogera.de\/001\/wp-json\/wp\/v2\/posts\/24972\/revisions"}],"predecessor-version":[{"id":24977,"href":"https:\/\/www.studiogera.de\/001\/wp-json\/wp\/v2\/posts\/24972\/revisions\/24977"}],"wp:featuredmedia":[{"embeddable":true,"href":"https:\/\/www.studiogera.de\/001\/wp-json\/wp\/v2\/media\/24974"}],"wp:attachment":[{"href":"https:\/\/www.studiogera.de\/001\/wp-json\/wp\/v2\/media?parent=24972"}],"wp:term":[{"taxonomy":"category","embeddable":true,"href":"https:\/\/www.studiogera.de\/001\/wp-json\/wp\/v2\/categories?post=24972"},{"taxonomy":"post_tag","embeddable":true,"href":"https:\/\/www.studiogera.de\/001\/wp-json\/wp\/v2\/tags?post=24972"}],"curies":[{"name":"wp","href":"https:\/\/api.w.org\/{rel}","templated":true}]}}