{"id":24984,"date":"2023-05-26T23:54:00","date_gmt":"2023-05-26T21:54:00","guid":{"rendered":"http:\/\/www.studiogera.de\/001\/?p=24984"},"modified":"2023-05-26T23:55:17","modified_gmt":"2023-05-26T21:55:17","slug":"buecherfruehling-endet-am-31-mai-2023","status":"publish","type":"post","link":"https:\/\/www.studiogera.de\/001\/2023\/05\/26\/buecherfruehling-endet-am-31-mai-2023\/","title":{"rendered":"B\u00dcCHERFR\u00dcHLING ENDET AM 31. MAI 2023"},"content":{"rendered":"\n<p>Der Geraer B\u00fccherfr\u00fchling endet am 31. Mai mit zwei Lesungen f\u00fcr Schulklassen. Er begann am 21. M\u00e4rz 2023. Im Rahmen dieser Veranstaltungsreihe lud die Stadt- und Regionalbibliothek Gera zur Plakatausstellung \u201eLeseland DDR\u201c der Bundesstiftung Aufarbeitung der SED-Diktatur, einem Aktionstag am 10. Mai zum Gedenken an die B\u00fccherverbrennungen vor 90 Jahren, 15 Lesungen und f\u00fcnf Vortr\u00e4gen ein. Bei den Veranstaltungen wurden bisher insgesamt 630 Teilnehmer gez\u00e4hlt. Zu den Lesungen am 31. Mai werden noch einmal rund einhundert Sch\u00fclerinnen und Sch\u00fcler erwartet.<\/p>\n\n\n\n<p>Um 10 Uhr liest Cally Stronk in der Bibliothek am Puschkinplatz aus ihrem Buch \u201eUnheimlich unfair \u2014 Ruby Black und der Wettkampf der Schulen\u201c. Die Freundschaftsgeschichte f\u00fcr alle im Alter ab zehn Jahren ist der dritte Band aus der beliebten Lesereihe um Ruby Black. Nachdem Chaos-Queen Ruby Black in ihrer alten Schule f\u00fcr ihr Anderssein und ihre schr\u00e4ge Familie oft ausgeschlossen wurde, setzt sie in ihrer neuen Schule nun alles daran, &#8222;normal&#8220; zu sein \u2014 was jedoch nicht einfach ist mit ihrer durchgeknallten Familie und einem Wohnort auf dem Friedhof, weshalb sie in die ein oder andere Bredouille gebracht wird. Themen wie Anderssein und Ausgrenzung werden dabei auf spannende und humorvolle Weise thematisiert. Cally Stronk hat an der Universit\u00e4t der K\u00fcnste in Berlin Gesellschafts- und Wirtschaftskommunikation studiert. Nach freien Projekten in den Bereichen Redaktion, Film und Musik ist Cally Stronk seit 2010 vorwiegend als Kinderbuchautorin t\u00e4tig.<\/p>\n\n\n\n<p>Um 14 Uhr folgt Autor Christian Friedrich. Er liest dann aus \u201eDie drei ??? und das Phantom-Krokodil\u201c. \u201eDie drei ???\u201c sind einfach Kult. Generationen von jungen Leserinnen und Lesern haben die spannenden Geschichten um die Hobbydetektive Justus, Peter und Bob bereits verschlungen. Nun gibt es f\u00fcr die neue Generation Leseratten \u201eDie drei ???\u201c als Escape-Krimi, eine Herausforderung der besonderen Art, denn Mitmachen ist gefragt. Immer \u00f6fter werden Raubtiere in der Stadt gesichtet \u2014 sogar ein Phantom-Krokodil spukt durch die Fluten. \u201eDie drei ???\u201c sind alarmiert. Geht es hier um Tierschmuggel oder Erpressung? Bei ihren Ermittlungen sto\u00dfen die drei Detektive immer wieder auf knifflige R\u00e4tsel. Christian Friedrich ist Diplom Kulturwissenschaftler, Autor und Videojournalist. Er schreibt unter anderem B\u00fccher f\u00fcr den Ravensburger Verlag, den Coppentrath Verlag und R\u00e4tselkrimis mit den \u201edrei ???\u201c f\u00fcr den Kosmos Verlag.<\/p>\n\n\n\n<p>Die Lesungen mit Cally Stronk und Christian Friedrich werden, wie auch bereits die Lesung \u201eDer Grolltroll\u201c mit Barbara van den Speulhof im April 2023, gef\u00f6rdert von \u201eNeustart Kultur\u201c.<\/p>\n\n\n\n<p>QUELLE: STADTVERWALTUNG<\/p>\n","protected":false},"excerpt":{"rendered":"<div class=\"mh-excerpt\"><p>Der Geraer B\u00fccherfr\u00fchling endet am 31. Mai mit zwei Lesungen f\u00fcr Schulklassen. Er begann am 21. M\u00e4rz 2023. Im Rahmen dieser Veranstaltungsreihe lud die Stadt- und Regionalbibliothek Gera zur Plakatausstellung \u201eLeseland DDR\u201c der Bundesstiftung Aufarbeitung <a class=\"mh-excerpt-more\" href=\"https:\/\/www.studiogera.de\/001\/2023\/05\/26\/buecherfruehling-endet-am-31-mai-2023\/\" title=\"B\u00dcCHERFR\u00dcHLING ENDET AM 31. MAI 2023\">[&#8230;]<\/a><\/p>\n<\/div>","protected":false},"author":2,"featured_media":24985,"comment_status":"open","ping_status":"open","sticky":false,"template":"","format":"standard","meta":{"footnotes":""},"categories":[8],"tags":[],"class_list":{"0":"post-24984","1":"post","2":"type-post","3":"status-publish","4":"format-standard","5":"has-post-thumbnail","7":"category-kultur"},"_links":{"self":[{"href":"https:\/\/www.studiogera.de\/001\/wp-json\/wp\/v2\/posts\/24984","targetHints":{"allow":["GET"]}}],"collection":[{"href":"https:\/\/www.studiogera.de\/001\/wp-json\/wp\/v2\/posts"}],"about":[{"href":"https:\/\/www.studiogera.de\/001\/wp-json\/wp\/v2\/types\/post"}],"author":[{"embeddable":true,"href":"https:\/\/www.studiogera.de\/001\/wp-json\/wp\/v2\/users\/2"}],"replies":[{"embeddable":true,"href":"https:\/\/www.studiogera.de\/001\/wp-json\/wp\/v2\/comments?post=24984"}],"version-history":[{"count":2,"href":"https:\/\/www.studiogera.de\/001\/wp-json\/wp\/v2\/posts\/24984\/revisions"}],"predecessor-version":[{"id":24987,"href":"https:\/\/www.studiogera.de\/001\/wp-json\/wp\/v2\/posts\/24984\/revisions\/24987"}],"wp:featuredmedia":[{"embeddable":true,"href":"https:\/\/www.studiogera.de\/001\/wp-json\/wp\/v2\/media\/24985"}],"wp:attachment":[{"href":"https:\/\/www.studiogera.de\/001\/wp-json\/wp\/v2\/media?parent=24984"}],"wp:term":[{"taxonomy":"category","embeddable":true,"href":"https:\/\/www.studiogera.de\/001\/wp-json\/wp\/v2\/categories?post=24984"},{"taxonomy":"post_tag","embeddable":true,"href":"https:\/\/www.studiogera.de\/001\/wp-json\/wp\/v2\/tags?post=24984"}],"curies":[{"name":"wp","href":"https:\/\/api.w.org\/{rel}","templated":true}]}}