{"id":24994,"date":"2023-05-27T22:39:09","date_gmt":"2023-05-27T20:39:09","guid":{"rendered":"http:\/\/www.studiogera.de\/001\/?p=24994"},"modified":"2023-05-27T22:39:10","modified_gmt":"2023-05-27T20:39:10","slug":"mann-in-psychischem-ausnahmezustand","status":"publish","type":"post","link":"https:\/\/www.studiogera.de\/001\/2023\/05\/27\/mann-in-psychischem-ausnahmezustand\/","title":{"rendered":"MANN IN PSYCHISCHEM AUSNAHMEZUSTAND"},"content":{"rendered":"\n<p>Da sich am 24. Mai kurz vor Mitternacht ein 27 Jahre alter Mann offenbar in einem psychischen Ausnahmezustand befand, r\u00fcckten mehrere Polizeibeamten zu dessen Wohnanschrift in die Reichsstra\u00dfe aus. Nachdem die T\u00fcr zur Wohnung durch die Beamten ge\u00f6ffnet wurde, konnte der Mann k\u00f6rperlich unversehrt in der Wohnung angetroffen werden. Aufgrund seines Zustandes kam er in die Obhut medizinischer Fachkr\u00e4fte. In seiner Wohnung fanden die Beamten zudem einen kleine Menge Drogen und stellten diese sicher.<\/p>\n","protected":false},"excerpt":{"rendered":"<div class=\"mh-excerpt\"><p>Da sich am 24. Mai kurz vor Mitternacht ein 27 Jahre alter Mann offenbar in einem psychischen Ausnahmezustand befand, r\u00fcckten mehrere Polizeibeamten zu dessen Wohnanschrift in die Reichsstra\u00dfe aus. Nachdem die T\u00fcr zur Wohnung durch <a class=\"mh-excerpt-more\" href=\"https:\/\/www.studiogera.de\/001\/2023\/05\/27\/mann-in-psychischem-ausnahmezustand\/\" title=\"MANN IN PSYCHISCHEM AUSNAHMEZUSTAND\">[&#8230;]<\/a><\/p>\n<\/div>","protected":false},"author":2,"featured_media":9360,"comment_status":"open","ping_status":"open","sticky":false,"template":"","format":"standard","meta":{"footnotes":""},"categories":[13],"tags":[],"class_list":{"0":"post-24994","1":"post","2":"type-post","3":"status-publish","4":"format-standard","5":"has-post-thumbnail","7":"category-polizeiberichte"},"_links":{"self":[{"href":"https:\/\/www.studiogera.de\/001\/wp-json\/wp\/v2\/posts\/24994","targetHints":{"allow":["GET"]}}],"collection":[{"href":"https:\/\/www.studiogera.de\/001\/wp-json\/wp\/v2\/posts"}],"about":[{"href":"https:\/\/www.studiogera.de\/001\/wp-json\/wp\/v2\/types\/post"}],"author":[{"embeddable":true,"href":"https:\/\/www.studiogera.de\/001\/wp-json\/wp\/v2\/users\/2"}],"replies":[{"embeddable":true,"href":"https:\/\/www.studiogera.de\/001\/wp-json\/wp\/v2\/comments?post=24994"}],"version-history":[{"count":1,"href":"https:\/\/www.studiogera.de\/001\/wp-json\/wp\/v2\/posts\/24994\/revisions"}],"predecessor-version":[{"id":24995,"href":"https:\/\/www.studiogera.de\/001\/wp-json\/wp\/v2\/posts\/24994\/revisions\/24995"}],"wp:featuredmedia":[{"embeddable":true,"href":"https:\/\/www.studiogera.de\/001\/wp-json\/wp\/v2\/media\/9360"}],"wp:attachment":[{"href":"https:\/\/www.studiogera.de\/001\/wp-json\/wp\/v2\/media?parent=24994"}],"wp:term":[{"taxonomy":"category","embeddable":true,"href":"https:\/\/www.studiogera.de\/001\/wp-json\/wp\/v2\/categories?post=24994"},{"taxonomy":"post_tag","embeddable":true,"href":"https:\/\/www.studiogera.de\/001\/wp-json\/wp\/v2\/tags?post=24994"}],"curies":[{"name":"wp","href":"https:\/\/api.w.org\/{rel}","templated":true}]}}