{"id":24996,"date":"2023-05-27T22:40:15","date_gmt":"2023-05-27T20:40:15","guid":{"rendered":"http:\/\/www.studiogera.de\/001\/?p=24996"},"modified":"2023-05-27T22:40:16","modified_gmt":"2023-05-27T20:40:16","slug":"alkoholisierter-rollerfahrer-stuerzt-in-ronneburg","status":"publish","type":"post","link":"https:\/\/www.studiogera.de\/001\/2023\/05\/27\/alkoholisierter-rollerfahrer-stuerzt-in-ronneburg\/","title":{"rendered":"ALKOHOLISIERTER ROLLERFAHRER ST\u00dcRZT IN RONNEBURG"},"content":{"rendered":"\n<p>Einen gest\u00fcrzten Rollerfahrer meldeten am 24. Mai kurz nach 19 Uhr Passanten der Geraer Polizei, so dass diese nach Ronneburg in die Stra\u00dfe der Opfer des Faschismus ausr\u00fcckten. Die Beamten bemerkten bei dem 59-j\u00e4hrigen Rollerfahrer allerdings Alkoholgeruch. Ein freiwillig durchgef\u00fchrter Test ergab einen Wert von \u00fcber zwei pro mille. Als der Herr daraufhin zu Blutentnahme gebracht werden sollte, leistete er Widerstand gegen die Beamten, welcher gebrochen wurde. F\u00fcr sein Verhalten muss er sich nun strafrechtlich verantworten.<\/p>\n","protected":false},"excerpt":{"rendered":"<div class=\"mh-excerpt\"><p>Einen gest\u00fcrzten Rollerfahrer meldeten am 24. Mai kurz nach 19 Uhr Passanten der Geraer Polizei, so dass diese nach Ronneburg in die Stra\u00dfe der Opfer des Faschismus ausr\u00fcckten. Die Beamten bemerkten bei dem 59-j\u00e4hrigen Rollerfahrer <a class=\"mh-excerpt-more\" href=\"https:\/\/www.studiogera.de\/001\/2023\/05\/27\/alkoholisierter-rollerfahrer-stuerzt-in-ronneburg\/\" title=\"ALKOHOLISIERTER ROLLERFAHRER ST\u00dcRZT IN RONNEBURG\">[&#8230;]<\/a><\/p>\n<\/div>","protected":false},"author":2,"featured_media":9352,"comment_status":"open","ping_status":"open","sticky":false,"template":"","format":"standard","meta":{"footnotes":""},"categories":[13],"tags":[],"class_list":{"0":"post-24996","1":"post","2":"type-post","3":"status-publish","4":"format-standard","5":"has-post-thumbnail","7":"category-polizeiberichte"},"_links":{"self":[{"href":"https:\/\/www.studiogera.de\/001\/wp-json\/wp\/v2\/posts\/24996","targetHints":{"allow":["GET"]}}],"collection":[{"href":"https:\/\/www.studiogera.de\/001\/wp-json\/wp\/v2\/posts"}],"about":[{"href":"https:\/\/www.studiogera.de\/001\/wp-json\/wp\/v2\/types\/post"}],"author":[{"embeddable":true,"href":"https:\/\/www.studiogera.de\/001\/wp-json\/wp\/v2\/users\/2"}],"replies":[{"embeddable":true,"href":"https:\/\/www.studiogera.de\/001\/wp-json\/wp\/v2\/comments?post=24996"}],"version-history":[{"count":1,"href":"https:\/\/www.studiogera.de\/001\/wp-json\/wp\/v2\/posts\/24996\/revisions"}],"predecessor-version":[{"id":24997,"href":"https:\/\/www.studiogera.de\/001\/wp-json\/wp\/v2\/posts\/24996\/revisions\/24997"}],"wp:featuredmedia":[{"embeddable":true,"href":"https:\/\/www.studiogera.de\/001\/wp-json\/wp\/v2\/media\/9352"}],"wp:attachment":[{"href":"https:\/\/www.studiogera.de\/001\/wp-json\/wp\/v2\/media?parent=24996"}],"wp:term":[{"taxonomy":"category","embeddable":true,"href":"https:\/\/www.studiogera.de\/001\/wp-json\/wp\/v2\/categories?post=24996"},{"taxonomy":"post_tag","embeddable":true,"href":"https:\/\/www.studiogera.de\/001\/wp-json\/wp\/v2\/tags?post=24996"}],"curies":[{"name":"wp","href":"https:\/\/api.w.org\/{rel}","templated":true}]}}