{"id":25003,"date":"2023-05-29T11:03:26","date_gmt":"2023-05-29T09:03:26","guid":{"rendered":"http:\/\/www.studiogera.de\/001\/?p=25003"},"modified":"2023-05-29T11:03:28","modified_gmt":"2023-05-29T09:03:28","slug":"die-themen-der-stadt-in-den-kommenden-tagen","status":"publish","type":"post","link":"https:\/\/www.studiogera.de\/001\/2023\/05\/29\/die-themen-der-stadt-in-den-kommenden-tagen\/","title":{"rendered":"DIE THEMEN DER STADT IN DEN KOMMENDEN TAGEN"},"content":{"rendered":"\n<p>Die n\u00e4chste Stadtratssitzung ist am 28. Juni 2023. Wie der Oberb\u00fcrgermeister in einer Videobotschaft \u00fcber Facebook mitteilte, stehen 21 Beschlussvorlagen auf der Tagesordnung. Behandelt wird im Juni unter anderem das Thema Smartcity. Dort gab es Anpassungen aufgrund notwendiger \u00c4nderungen. Der Oberb\u00fcrgermeister sprach von Budgetreduzierungen und einem K. O. f\u00fcr einzelne Projekte durch den F\u00f6rdermittelgeber, sodass mit dem Stadtrat beraten werden soll, wie die freiwerdenden Geldern zu verwenden sind. Gesprochen werden soll auch \u00fcber den Bebauungsplan f\u00fcr den Elstercube II. Hier stehen noch baurechtliche Entscheidungen aus. Zudem werde man sich mit den Fahrgastunterst\u00e4nden besch\u00e4ftigen. Am 30. Juni l\u00e4uft eine Frist ab. Bis dahin m\u00f6chte der Eigent\u00fcmer wissen, ob die Fahrgastunterst\u00e4nde demontiert werden sollen oder die Stadt sie kaufen m\u00f6chte. Au\u00dferdem laufen in der gesamten Stadtverwaltung bereits die Planungen f\u00fcr den Haushalt 2024.<\/p>\n","protected":false},"excerpt":{"rendered":"<div class=\"mh-excerpt\"><p>Die n\u00e4chste Stadtratssitzung ist am 28. Juni 2023. Wie der Oberb\u00fcrgermeister in einer Videobotschaft \u00fcber Facebook mitteilte, stehen 21 Beschlussvorlagen auf der Tagesordnung. Behandelt wird im Juni unter anderem das Thema Smartcity. Dort gab es <a class=\"mh-excerpt-more\" href=\"https:\/\/www.studiogera.de\/001\/2023\/05\/29\/die-themen-der-stadt-in-den-kommenden-tagen\/\" title=\"DIE THEMEN DER STADT IN DEN KOMMENDEN TAGEN\">[&#8230;]<\/a><\/p>\n<\/div>","protected":false},"author":2,"featured_media":22594,"comment_status":"open","ping_status":"open","sticky":false,"template":"","format":"standard","meta":{"footnotes":""},"categories":[16],"tags":[],"class_list":{"0":"post-25003","1":"post","2":"type-post","3":"status-publish","4":"format-standard","5":"has-post-thumbnail","7":"category-kurzmitteilungen"},"_links":{"self":[{"href":"https:\/\/www.studiogera.de\/001\/wp-json\/wp\/v2\/posts\/25003","targetHints":{"allow":["GET"]}}],"collection":[{"href":"https:\/\/www.studiogera.de\/001\/wp-json\/wp\/v2\/posts"}],"about":[{"href":"https:\/\/www.studiogera.de\/001\/wp-json\/wp\/v2\/types\/post"}],"author":[{"embeddable":true,"href":"https:\/\/www.studiogera.de\/001\/wp-json\/wp\/v2\/users\/2"}],"replies":[{"embeddable":true,"href":"https:\/\/www.studiogera.de\/001\/wp-json\/wp\/v2\/comments?post=25003"}],"version-history":[{"count":1,"href":"https:\/\/www.studiogera.de\/001\/wp-json\/wp\/v2\/posts\/25003\/revisions"}],"predecessor-version":[{"id":25004,"href":"https:\/\/www.studiogera.de\/001\/wp-json\/wp\/v2\/posts\/25003\/revisions\/25004"}],"wp:featuredmedia":[{"embeddable":true,"href":"https:\/\/www.studiogera.de\/001\/wp-json\/wp\/v2\/media\/22594"}],"wp:attachment":[{"href":"https:\/\/www.studiogera.de\/001\/wp-json\/wp\/v2\/media?parent=25003"}],"wp:term":[{"taxonomy":"category","embeddable":true,"href":"https:\/\/www.studiogera.de\/001\/wp-json\/wp\/v2\/categories?post=25003"},{"taxonomy":"post_tag","embeddable":true,"href":"https:\/\/www.studiogera.de\/001\/wp-json\/wp\/v2\/tags?post=25003"}],"curies":[{"name":"wp","href":"https:\/\/api.w.org\/{rel}","templated":true}]}}