{"id":25005,"date":"2023-05-30T07:54:37","date_gmt":"2023-05-30T05:54:37","guid":{"rendered":"http:\/\/www.studiogera.de\/001\/?p=25005"},"modified":"2023-05-30T07:54:38","modified_gmt":"2023-05-30T05:54:38","slug":"alkoholisierter-verkehrsteilnehmer-in-der-laasener-strasse","status":"publish","type":"post","link":"https:\/\/www.studiogera.de\/001\/2023\/05\/30\/alkoholisierter-verkehrsteilnehmer-in-der-laasener-strasse\/","title":{"rendered":"ALKOHOLISIERTER VERKEHRSTEILNEHMER IN DER LAASENER STRASSE"},"content":{"rendered":"\n<p>Am Samstagmittag wurde druch die Polizei Gera ein 50-j\u00e4hriger Opel-Fahrer in der Laasener Stra\u00dfe kontrolliert. W\u00e4hrend der Kontrolle konnten die Beamten deutlichen Alkoholgeruch bei dem Herrn feststellen. Ein durchgef\u00fchrter Atemalkoholtest ergab einen Wert von 1,27 pro mille. Im Ergbnis wurde gegen den Fahrer ein Strafverfahren wegen Trunkenheit im Sta\u00dfenverkehr eingeleitet. Nach erfolgter Blutprobenentnahme im Klinikum wurde sein F\u00fchrerschein eingezogen.<\/p>\n","protected":false},"excerpt":{"rendered":"<div class=\"mh-excerpt\"><p>Am Samstagmittag wurde druch die Polizei Gera ein 50-j\u00e4hriger Opel-Fahrer in der Laasener Stra\u00dfe kontrolliert. W\u00e4hrend der Kontrolle konnten die Beamten deutlichen Alkoholgeruch bei dem Herrn feststellen. Ein durchgef\u00fchrter Atemalkoholtest ergab einen Wert von 1,27 <a class=\"mh-excerpt-more\" href=\"https:\/\/www.studiogera.de\/001\/2023\/05\/30\/alkoholisierter-verkehrsteilnehmer-in-der-laasener-strasse\/\" title=\"ALKOHOLISIERTER VERKEHRSTEILNEHMER IN DER LAASENER STRASSE\">[&#8230;]<\/a><\/p>\n<\/div>","protected":false},"author":3,"featured_media":9356,"comment_status":"open","ping_status":"open","sticky":false,"template":"","format":"standard","meta":{"footnotes":""},"categories":[13],"tags":[],"class_list":{"0":"post-25005","1":"post","2":"type-post","3":"status-publish","4":"format-standard","5":"has-post-thumbnail","7":"category-polizeiberichte"},"_links":{"self":[{"href":"https:\/\/www.studiogera.de\/001\/wp-json\/wp\/v2\/posts\/25005","targetHints":{"allow":["GET"]}}],"collection":[{"href":"https:\/\/www.studiogera.de\/001\/wp-json\/wp\/v2\/posts"}],"about":[{"href":"https:\/\/www.studiogera.de\/001\/wp-json\/wp\/v2\/types\/post"}],"author":[{"embeddable":true,"href":"https:\/\/www.studiogera.de\/001\/wp-json\/wp\/v2\/users\/3"}],"replies":[{"embeddable":true,"href":"https:\/\/www.studiogera.de\/001\/wp-json\/wp\/v2\/comments?post=25005"}],"version-history":[{"count":1,"href":"https:\/\/www.studiogera.de\/001\/wp-json\/wp\/v2\/posts\/25005\/revisions"}],"predecessor-version":[{"id":25006,"href":"https:\/\/www.studiogera.de\/001\/wp-json\/wp\/v2\/posts\/25005\/revisions\/25006"}],"wp:featuredmedia":[{"embeddable":true,"href":"https:\/\/www.studiogera.de\/001\/wp-json\/wp\/v2\/media\/9356"}],"wp:attachment":[{"href":"https:\/\/www.studiogera.de\/001\/wp-json\/wp\/v2\/media?parent=25005"}],"wp:term":[{"taxonomy":"category","embeddable":true,"href":"https:\/\/www.studiogera.de\/001\/wp-json\/wp\/v2\/categories?post=25005"},{"taxonomy":"post_tag","embeddable":true,"href":"https:\/\/www.studiogera.de\/001\/wp-json\/wp\/v2\/tags?post=25005"}],"curies":[{"name":"wp","href":"https:\/\/api.w.org\/{rel}","templated":true}]}}