{"id":25007,"date":"2023-05-30T07:57:31","date_gmt":"2023-05-30T05:57:31","guid":{"rendered":"http:\/\/www.studiogera.de\/001\/?p=25007"},"modified":"2023-05-30T07:57:33","modified_gmt":"2023-05-30T05:57:33","slug":"betrunken-am-strassenverkehr-teilgenommen-3","status":"publish","type":"post","link":"https:\/\/www.studiogera.de\/001\/2023\/05\/30\/betrunken-am-strassenverkehr-teilgenommen-3\/","title":{"rendered":"BETRUNKEN AM STRASSENVERKEHR TEILGENOMMEN"},"content":{"rendered":"\n<p>Am 29. Mai 2023 f\u00fchrten Beamte des Inspektionsdienstes Gera im Bereich der Reichstra\u00dfe\/Museumsplatz eine Verkehrskontrolle durch. Dabei wurde nachts um 1.30 Uhr ein 48-j\u00e4hriger E-Roller-Fahrer festgestellt, welcher trotz einer Alkoholisierung von 1,21 pro mille am Stra\u00dfenverkehr teilnahm. Er muss sich nun wegen Trunkenheitsfahrt im Stra\u00dfenverkehr verantworten. Die Weiterfahrt wurde untersagt.<\/p>\n","protected":false},"excerpt":{"rendered":"<div class=\"mh-excerpt\"><p>Am 29. Mai 2023 f\u00fchrten Beamte des Inspektionsdienstes Gera im Bereich der Reichstra\u00dfe\/Museumsplatz eine Verkehrskontrolle durch. Dabei wurde nachts um 1.30 Uhr ein 48-j\u00e4hriger E-Roller-Fahrer festgestellt, welcher trotz einer Alkoholisierung von 1,21 pro mille am <a class=\"mh-excerpt-more\" href=\"https:\/\/www.studiogera.de\/001\/2023\/05\/30\/betrunken-am-strassenverkehr-teilgenommen-3\/\" title=\"BETRUNKEN AM STRASSENVERKEHR TEILGENOMMEN\">[&#8230;]<\/a><\/p>\n<\/div>","protected":false},"author":3,"featured_media":22582,"comment_status":"open","ping_status":"open","sticky":false,"template":"","format":"standard","meta":{"footnotes":""},"categories":[13],"tags":[],"class_list":{"0":"post-25007","1":"post","2":"type-post","3":"status-publish","4":"format-standard","5":"has-post-thumbnail","7":"category-polizeiberichte"},"_links":{"self":[{"href":"https:\/\/www.studiogera.de\/001\/wp-json\/wp\/v2\/posts\/25007","targetHints":{"allow":["GET"]}}],"collection":[{"href":"https:\/\/www.studiogera.de\/001\/wp-json\/wp\/v2\/posts"}],"about":[{"href":"https:\/\/www.studiogera.de\/001\/wp-json\/wp\/v2\/types\/post"}],"author":[{"embeddable":true,"href":"https:\/\/www.studiogera.de\/001\/wp-json\/wp\/v2\/users\/3"}],"replies":[{"embeddable":true,"href":"https:\/\/www.studiogera.de\/001\/wp-json\/wp\/v2\/comments?post=25007"}],"version-history":[{"count":1,"href":"https:\/\/www.studiogera.de\/001\/wp-json\/wp\/v2\/posts\/25007\/revisions"}],"predecessor-version":[{"id":25008,"href":"https:\/\/www.studiogera.de\/001\/wp-json\/wp\/v2\/posts\/25007\/revisions\/25008"}],"wp:featuredmedia":[{"embeddable":true,"href":"https:\/\/www.studiogera.de\/001\/wp-json\/wp\/v2\/media\/22582"}],"wp:attachment":[{"href":"https:\/\/www.studiogera.de\/001\/wp-json\/wp\/v2\/media?parent=25007"}],"wp:term":[{"taxonomy":"category","embeddable":true,"href":"https:\/\/www.studiogera.de\/001\/wp-json\/wp\/v2\/categories?post=25007"},{"taxonomy":"post_tag","embeddable":true,"href":"https:\/\/www.studiogera.de\/001\/wp-json\/wp\/v2\/tags?post=25007"}],"curies":[{"name":"wp","href":"https:\/\/api.w.org\/{rel}","templated":true}]}}