{"id":25016,"date":"2023-05-30T23:17:09","date_gmt":"2023-05-30T21:17:09","guid":{"rendered":"http:\/\/www.studiogera.de\/001\/?p=25016"},"modified":"2023-05-30T23:19:14","modified_gmt":"2023-05-30T21:19:14","slug":"feierliche-uebergabe-der-sommerbepflanzung-im-kuechengarten","status":"publish","type":"post","link":"https:\/\/www.studiogera.de\/001\/2023\/05\/30\/feierliche-uebergabe-der-sommerbepflanzung-im-kuechengarten\/","title":{"rendered":"FEIERLICHE \u00dcBERGABE DER SOMMERBEPFLANZUNG IM K\u00dcCHENGARTEN"},"content":{"rendered":"\n<p><em>Am 30. Mai 2023 fand im K\u00fcchengarten die feierliche \u00dcbergabe der Sommerbepflanzung statt. Erm\u00f6glicht wurde diese durch die Stiftung Landschaftspflege der Sparkasse Gera-Greiz mit F\u00f6rdergeldern in H\u00f6he von 5000 Euro sowie dem Engagement vieler B\u00fcrger.<\/em><\/p>\n\n\n\n<p>Seit Dienstag, den 23. Mai 2023, erstrahlt der K\u00fcchengarten mit \u00fcber 8000 farbenpr\u00e4chtigen Pflanzen in neuer Sommeroptik. Die Besucher des K\u00fcchengartens k\u00f6nnen sich von der Blumenvielfalt verzaubern lassen. Ein besonderer Dank geht an die Mitarbeiter des Inklusionsbetriebes der Lebenshilfe Gr\u00fcnanlagen &amp; Service gGmbH, welche im Auftrag der Stadt Gera die Pflanzarbeiten durchgef\u00fchrt haben. \u201eDie Saisonbepflanzung zu realisieren und die Anlagen so gepflegt zu erhalten und attraktiv zu gestalten, w\u00e4re uns ohne die Lebenshilfe, die Sparkasse Gera-Greiz und das das Engagement der B\u00fcrgerinnen und B\u00fcrger nicht in dem Ma\u00dfe m\u00f6glich. Ein herzliches Dankesch\u00f6n gilt all denen, die f\u00fcr die Bepflanzung der Beete spenden oder beim Spaziergang einen Obolus in die Spendenboxen werfen\u201c, so Oberb\u00fcrgermeister Julian Vonarb.<\/p>\n\n\n\n<p>Die Stiftung Landschaftspflege der Sparkasse Gera-Greiz unterst\u00fctzt auch in diesem Jahr die Fr\u00fchjahrs- und Sommerbepflanzung im K\u00fcchengarten mit 5000 Euro. \u201eUnsere Sparkasse war der erste Gro\u00dfsponsor f\u00fcr die Bundesgartenschau 2007 in Gera und Ronneburg. Auch nach der Buga tragen wir auf vielf\u00e4ltige Weise zur nachhaltigen positiven Entwicklung bei. Um das Geschaffene zu erhalten und zu pflegen, haben wir schon vor \u00fcber 20 Jahren die Stiftung Landschaftspflege gegr\u00fcndet, aus deren Mitteln wir auch die Fr\u00fchjahrs- und Sommerbepflanzung f\u00f6rdern\u201c, erl\u00e4utert Dr. Hendrik Ziegenbein, Vorstandsvorsitzender der Sparkasse Gera-Greiz. Er erinnert daran, dass der K\u00fcchengarten eine nahezu 400-j\u00e4hrige Geschichte der Gartenkultur verk\u00f6rpert. \u201e\u00dcber unseren finanziellen Beitrag hinaus freue ich mich, dass Mitarbeiterinnen und Mitarbeiter des Integrationsbetriebes der Lebenshilfe \u2014 Menschen mit und ohne Handicap \u2014 mit viel Liebe und Flei\u00df den K\u00fcchengarten pflegen. Damit verfolgt das Projekt nicht nur g\u00e4rtnerische und landschaftspflegerische Ziele, es wird auch wichtige soziale Arbeit geleistet\u201c, hebt Dr. Ziegenbein hervor.<\/p>\n\n\n\n<p>QUELLE: STADTVERWALTUNG<\/p>\n","protected":false},"excerpt":{"rendered":"<div class=\"mh-excerpt\"><p>Am 30. Mai 2023 fand im K\u00fcchengarten die feierliche \u00dcbergabe der Sommerbepflanzung statt. Erm\u00f6glicht wurde diese durch die Stiftung Landschaftspflege der Sparkasse Gera-Greiz mit F\u00f6rdergeldern in H\u00f6he von 5000 Euro sowie dem Engagement vieler B\u00fcrger. <a class=\"mh-excerpt-more\" href=\"https:\/\/www.studiogera.de\/001\/2023\/05\/30\/feierliche-uebergabe-der-sommerbepflanzung-im-kuechengarten\/\" title=\"FEIERLICHE \u00dcBERGABE DER SOMMERBEPFLANZUNG IM K\u00dcCHENGARTEN\">[&#8230;]<\/a><\/p>\n<\/div>","protected":false},"author":2,"featured_media":25017,"comment_status":"open","ping_status":"open","sticky":false,"template":"","format":"standard","meta":{"footnotes":""},"categories":[8],"tags":[],"class_list":{"0":"post-25016","1":"post","2":"type-post","3":"status-publish","4":"format-standard","5":"has-post-thumbnail","7":"category-kultur"},"_links":{"self":[{"href":"https:\/\/www.studiogera.de\/001\/wp-json\/wp\/v2\/posts\/25016","targetHints":{"allow":["GET"]}}],"collection":[{"href":"https:\/\/www.studiogera.de\/001\/wp-json\/wp\/v2\/posts"}],"about":[{"href":"https:\/\/www.studiogera.de\/001\/wp-json\/wp\/v2\/types\/post"}],"author":[{"embeddable":true,"href":"https:\/\/www.studiogera.de\/001\/wp-json\/wp\/v2\/users\/2"}],"replies":[{"embeddable":true,"href":"https:\/\/www.studiogera.de\/001\/wp-json\/wp\/v2\/comments?post=25016"}],"version-history":[{"count":2,"href":"https:\/\/www.studiogera.de\/001\/wp-json\/wp\/v2\/posts\/25016\/revisions"}],"predecessor-version":[{"id":25020,"href":"https:\/\/www.studiogera.de\/001\/wp-json\/wp\/v2\/posts\/25016\/revisions\/25020"}],"wp:featuredmedia":[{"embeddable":true,"href":"https:\/\/www.studiogera.de\/001\/wp-json\/wp\/v2\/media\/25017"}],"wp:attachment":[{"href":"https:\/\/www.studiogera.de\/001\/wp-json\/wp\/v2\/media?parent=25016"}],"wp:term":[{"taxonomy":"category","embeddable":true,"href":"https:\/\/www.studiogera.de\/001\/wp-json\/wp\/v2\/categories?post=25016"},{"taxonomy":"post_tag","embeddable":true,"href":"https:\/\/www.studiogera.de\/001\/wp-json\/wp\/v2\/tags?post=25016"}],"curies":[{"name":"wp","href":"https:\/\/api.w.org\/{rel}","templated":true}]}}