{"id":25024,"date":"2023-05-30T23:34:42","date_gmt":"2023-05-30T21:34:42","guid":{"rendered":"http:\/\/www.studiogera.de\/001\/?p=25024"},"modified":"2023-05-30T23:34:44","modified_gmt":"2023-05-30T21:34:44","slug":"musikalische-anti-romanze-du-sollst-nicht-lieben-in-gera","status":"publish","type":"post","link":"https:\/\/www.studiogera.de\/001\/2023\/05\/30\/musikalische-anti-romanze-du-sollst-nicht-lieben-in-gera\/","title":{"rendered":"MUSIKALISCHE ANTI-ROMANZE \u201eDU SOLLST NICHT LIEBEN\u201c IN GERA"},"content":{"rendered":"\n<p>Der nicht mehr taufrische Akademiker Lothar und die allein erziehende Mutter Sonja\u00a0 nehmen das Publikum am Sonntag, den 4. Juni 2023, um 18 Uhr in der Spielst\u00e4tte B\u00fchne am Park Gera mit auf einen klassischen Parcours des Partnerlebens: vom ersten Rendezvous \u00fcber den ersten Kuss und die erste Nacht bis zum verkrusteten, t\u00fcckischen Ehe-Alltag. In einmaliger Art und Weise lieben und zanken sich die beiden Streith\u00e4hne in der musikalischen und bitter-s\u00fc\u00dfen Kom\u00f6die \u201eDu sollst nicht lieben\u201c durch die bekanntesten Liebesthemen in einer bunten Zusammenstellung aus Klassik, Lied und Oper. Absurdes wie Lebensnahes und die meisterhafte Kunst des Aneinander-Vorbeiredens sorgen dabei f\u00fcr reichlich Lachmuskelsport.<\/p>\n\n\n\n<p>In der Spielst\u00e4tte B\u00fchne am Park wird das St\u00fcck erneut aufgef\u00fchrt an folgenden Tagen:<\/p>\n\n\n\n<p>Freitag, 9. Juni 2023, 19.30 Uhr<br>Freitag, 23. Juni 2023, 19.30 Uhr<br>Samstag, 24. Juni 2023, 19.30 Uhr<br>Samstag, 9. September 2023, 19.30 Uhr<br>Samstag, 16. September 2023, 19.30 Uhr<br>Freitag, 22. September 2023, 19.30 Uhr<br>Sonntag, 29. Oktober 2023, 18 Uhr<\/p>\n\n\n\n<p>Die Theaterkasse f\u00fcr Gera befindet sich in der Spielst\u00e4tte B\u00fchne am Park, Theaterplatz 1, und ist dienstags, mittwochs und freitags von 10 Uhr bis 17 Uhr, sowie am donnerstags von 10 Uhr bis 19 Uhr ge\u00f6ffnet. Dar\u00fcber hinaus erfolgt der Kartenvorverkauf jederzeit auch \u00fcber den Webshop. Dieser ist unter der Adresse \u201ewww.theater-altenburg-gera.de\u201c erreichbar.<\/p>\n\n\n\n<p>QUELLE: THEATER ALTENBURG GERA GGMBH<\/p>\n","protected":false},"excerpt":{"rendered":"<div class=\"mh-excerpt\"><p>Der nicht mehr taufrische Akademiker Lothar und die allein erziehende Mutter Sonja\u00a0 nehmen das Publikum am Sonntag, den 4. Juni 2023, um 18 Uhr in der Spielst\u00e4tte B\u00fchne am Park Gera mit auf einen klassischen <a class=\"mh-excerpt-more\" href=\"https:\/\/www.studiogera.de\/001\/2023\/05\/30\/musikalische-anti-romanze-du-sollst-nicht-lieben-in-gera\/\" title=\"MUSIKALISCHE ANTI-ROMANZE \u201eDU SOLLST NICHT LIEBEN\u201c IN GERA\">[&#8230;]<\/a><\/p>\n<\/div>","protected":false},"author":2,"featured_media":25025,"comment_status":"open","ping_status":"open","sticky":false,"template":"","format":"standard","meta":{"footnotes":""},"categories":[15],"tags":[],"class_list":{"0":"post-25024","1":"post","2":"type-post","3":"status-publish","4":"format-standard","5":"has-post-thumbnail","7":"category-theater"},"_links":{"self":[{"href":"https:\/\/www.studiogera.de\/001\/wp-json\/wp\/v2\/posts\/25024","targetHints":{"allow":["GET"]}}],"collection":[{"href":"https:\/\/www.studiogera.de\/001\/wp-json\/wp\/v2\/posts"}],"about":[{"href":"https:\/\/www.studiogera.de\/001\/wp-json\/wp\/v2\/types\/post"}],"author":[{"embeddable":true,"href":"https:\/\/www.studiogera.de\/001\/wp-json\/wp\/v2\/users\/2"}],"replies":[{"embeddable":true,"href":"https:\/\/www.studiogera.de\/001\/wp-json\/wp\/v2\/comments?post=25024"}],"version-history":[{"count":1,"href":"https:\/\/www.studiogera.de\/001\/wp-json\/wp\/v2\/posts\/25024\/revisions"}],"predecessor-version":[{"id":25026,"href":"https:\/\/www.studiogera.de\/001\/wp-json\/wp\/v2\/posts\/25024\/revisions\/25026"}],"wp:featuredmedia":[{"embeddable":true,"href":"https:\/\/www.studiogera.de\/001\/wp-json\/wp\/v2\/media\/25025"}],"wp:attachment":[{"href":"https:\/\/www.studiogera.de\/001\/wp-json\/wp\/v2\/media?parent=25024"}],"wp:term":[{"taxonomy":"category","embeddable":true,"href":"https:\/\/www.studiogera.de\/001\/wp-json\/wp\/v2\/categories?post=25024"},{"taxonomy":"post_tag","embeddable":true,"href":"https:\/\/www.studiogera.de\/001\/wp-json\/wp\/v2\/tags?post=25024"}],"curies":[{"name":"wp","href":"https:\/\/api.w.org\/{rel}","templated":true}]}}