{"id":25059,"date":"2023-05-31T20:54:37","date_gmt":"2023-05-31T18:54:37","guid":{"rendered":"http:\/\/www.studiogera.de\/001\/?p=25059"},"modified":"2023-05-31T20:54:38","modified_gmt":"2023-05-31T18:54:38","slug":"auseinandersetzung-in-der-enzianstrasse","status":"publish","type":"post","link":"https:\/\/www.studiogera.de\/001\/2023\/05\/31\/auseinandersetzung-in-der-enzianstrasse\/","title":{"rendered":"AUSEINANDERSETZUNG IN DER ENZIANSTRASSE"},"content":{"rendered":"\n<p>Ein Streit zwischen mehreren Personen in der Enzianstra\u00dfe eskalierte am 30. Mai so, dass die Polizei gegen 17.20 Uhr ausr\u00fccken musste. Nach vorliegenden Informationen griffen zwei bislang Unbekannte einen 14 und einen 16-J\u00e4hrigen im Rahmen des Streites k\u00f6rperlich an und verletzten diese leicht. Anschlie\u00dfend fl\u00fcchteten die beiden Angreifer und konnten trotz Fahndung nicht gestellt werden. Eine medizinische Versorgung war nicht notwendig. Die Geraer Polizei ermittelt zum Geschehen und nimmt Zeugenhinweise unter der Rufnummer 0365 8290 entgegen.<\/p>\n","protected":false},"excerpt":{"rendered":"<div class=\"mh-excerpt\"><p>Ein Streit zwischen mehreren Personen in der Enzianstra\u00dfe eskalierte am 30. Mai so, dass die Polizei gegen 17.20 Uhr ausr\u00fccken musste. Nach vorliegenden Informationen griffen zwei bislang Unbekannte einen 14 und einen 16-J\u00e4hrigen im Rahmen <a class=\"mh-excerpt-more\" href=\"https:\/\/www.studiogera.de\/001\/2023\/05\/31\/auseinandersetzung-in-der-enzianstrasse\/\" title=\"AUSEINANDERSETZUNG IN DER ENZIANSTRASSE\">[&#8230;]<\/a><\/p>\n<\/div>","protected":false},"author":2,"featured_media":9352,"comment_status":"open","ping_status":"open","sticky":false,"template":"","format":"standard","meta":{"footnotes":""},"categories":[13],"tags":[],"class_list":{"0":"post-25059","1":"post","2":"type-post","3":"status-publish","4":"format-standard","5":"has-post-thumbnail","7":"category-polizeiberichte"},"_links":{"self":[{"href":"https:\/\/www.studiogera.de\/001\/wp-json\/wp\/v2\/posts\/25059","targetHints":{"allow":["GET"]}}],"collection":[{"href":"https:\/\/www.studiogera.de\/001\/wp-json\/wp\/v2\/posts"}],"about":[{"href":"https:\/\/www.studiogera.de\/001\/wp-json\/wp\/v2\/types\/post"}],"author":[{"embeddable":true,"href":"https:\/\/www.studiogera.de\/001\/wp-json\/wp\/v2\/users\/2"}],"replies":[{"embeddable":true,"href":"https:\/\/www.studiogera.de\/001\/wp-json\/wp\/v2\/comments?post=25059"}],"version-history":[{"count":1,"href":"https:\/\/www.studiogera.de\/001\/wp-json\/wp\/v2\/posts\/25059\/revisions"}],"predecessor-version":[{"id":25060,"href":"https:\/\/www.studiogera.de\/001\/wp-json\/wp\/v2\/posts\/25059\/revisions\/25060"}],"wp:featuredmedia":[{"embeddable":true,"href":"https:\/\/www.studiogera.de\/001\/wp-json\/wp\/v2\/media\/9352"}],"wp:attachment":[{"href":"https:\/\/www.studiogera.de\/001\/wp-json\/wp\/v2\/media?parent=25059"}],"wp:term":[{"taxonomy":"category","embeddable":true,"href":"https:\/\/www.studiogera.de\/001\/wp-json\/wp\/v2\/categories?post=25059"},{"taxonomy":"post_tag","embeddable":true,"href":"https:\/\/www.studiogera.de\/001\/wp-json\/wp\/v2\/tags?post=25059"}],"curies":[{"name":"wp","href":"https:\/\/api.w.org\/{rel}","templated":true}]}}