{"id":25063,"date":"2023-05-31T21:03:58","date_gmt":"2023-05-31T19:03:58","guid":{"rendered":"http:\/\/www.studiogera.de\/001\/?p=25063"},"modified":"2023-05-31T21:03:59","modified_gmt":"2023-05-31T19:03:59","slug":"sachbeschaedigung-im-hofwiesenpark","status":"publish","type":"post","link":"https:\/\/www.studiogera.de\/001\/2023\/05\/31\/sachbeschaedigung-im-hofwiesenpark\/","title":{"rendered":"SACHBESCH\u00c4DIGUNG IM HOFWIESENPARK"},"content":{"rendered":"\n<p>Die Ermittlungen zu einer Sachbesch\u00e4digung im Hofwiesenpark hat seit dieser Woche die Geraer Polizei aufgenommen. Insgesamt 16 Bauzaunelemente, welche um einen Spielplatz aufgestellt waren, besch\u00e4digten bislang unbekannte T\u00e4ter in der Zeit zwischen Sonntag und Montag, den 29. Mai 2023. Die Randalierer schmissen die Bauz\u00e4une dabei um, so dass es zu Besch\u00e4digungen kam. Zeugen, welche Hinweise zu den bislang unbekannten T\u00e4tern geben k\u00f6nnen, werden gebeten, sich unter der Rufnummer 0365 8290 bei der hiesigen Polizei zu melden.<\/p>\n","protected":false},"excerpt":{"rendered":"<div class=\"mh-excerpt\"><p>Die Ermittlungen zu einer Sachbesch\u00e4digung im Hofwiesenpark hat seit dieser Woche die Geraer Polizei aufgenommen. Insgesamt 16 Bauzaunelemente, welche um einen Spielplatz aufgestellt waren, besch\u00e4digten bislang unbekannte T\u00e4ter in der Zeit zwischen Sonntag und Montag, <a class=\"mh-excerpt-more\" href=\"https:\/\/www.studiogera.de\/001\/2023\/05\/31\/sachbeschaedigung-im-hofwiesenpark\/\" title=\"SACHBESCH\u00c4DIGUNG IM HOFWIESENPARK\">[&#8230;]<\/a><\/p>\n<\/div>","protected":false},"author":2,"featured_media":9356,"comment_status":"open","ping_status":"open","sticky":false,"template":"","format":"standard","meta":{"footnotes":""},"categories":[13],"tags":[],"class_list":{"0":"post-25063","1":"post","2":"type-post","3":"status-publish","4":"format-standard","5":"has-post-thumbnail","7":"category-polizeiberichte"},"_links":{"self":[{"href":"https:\/\/www.studiogera.de\/001\/wp-json\/wp\/v2\/posts\/25063","targetHints":{"allow":["GET"]}}],"collection":[{"href":"https:\/\/www.studiogera.de\/001\/wp-json\/wp\/v2\/posts"}],"about":[{"href":"https:\/\/www.studiogera.de\/001\/wp-json\/wp\/v2\/types\/post"}],"author":[{"embeddable":true,"href":"https:\/\/www.studiogera.de\/001\/wp-json\/wp\/v2\/users\/2"}],"replies":[{"embeddable":true,"href":"https:\/\/www.studiogera.de\/001\/wp-json\/wp\/v2\/comments?post=25063"}],"version-history":[{"count":1,"href":"https:\/\/www.studiogera.de\/001\/wp-json\/wp\/v2\/posts\/25063\/revisions"}],"predecessor-version":[{"id":25064,"href":"https:\/\/www.studiogera.de\/001\/wp-json\/wp\/v2\/posts\/25063\/revisions\/25064"}],"wp:featuredmedia":[{"embeddable":true,"href":"https:\/\/www.studiogera.de\/001\/wp-json\/wp\/v2\/media\/9356"}],"wp:attachment":[{"href":"https:\/\/www.studiogera.de\/001\/wp-json\/wp\/v2\/media?parent=25063"}],"wp:term":[{"taxonomy":"category","embeddable":true,"href":"https:\/\/www.studiogera.de\/001\/wp-json\/wp\/v2\/categories?post=25063"},{"taxonomy":"post_tag","embeddable":true,"href":"https:\/\/www.studiogera.de\/001\/wp-json\/wp\/v2\/tags?post=25063"}],"curies":[{"name":"wp","href":"https:\/\/api.w.org\/{rel}","templated":true}]}}