{"id":26261,"date":"2023-08-04T00:27:40","date_gmt":"2023-08-03T22:27:40","guid":{"rendered":"http:\/\/www.studiogera.de\/001\/?p=26261"},"modified":"2023-08-04T00:27:42","modified_gmt":"2023-08-03T22:27:42","slug":"mit-dem-kulturpass-einen-schritt-weiter","status":"publish","type":"post","link":"https:\/\/www.studiogera.de\/001\/2023\/08\/04\/mit-dem-kulturpass-einen-schritt-weiter\/","title":{"rendered":"MIT DEM KULTURPASS EINEN SCHRITT WEITER"},"content":{"rendered":"\n<p>Der sogenannte Kulturpass wurde Mitte Juni 2023 mit der Begr\u00fcndung eingef\u00fchrt, junge Menschen f\u00fcr die Vielfalt der Kultur begeistern, und gleichzeitig die Kultureinrichtungen unterst\u00fctzen zu wollen. Schlie\u00dflich h\u00e4tten beide in der Corona-Zeit gelitten. Doch beim genaueren Hinsehen zeigt sich, dass es um ein ganz anders Ziel geht: Die Bundesregierung will das ins Stocken geratene Projekt zur digitalen Identit\u00e4t vorantreiben, und der Kulturpass ist nur Mittel zum Zweck. Jugendliche wollen bekanntlich etwas erleben und dabei andere Menschen kennenlernen. Und sie sind von neuen technischen Anwendungen leicht zu \u00fcberzeugen. Genau dies macht sich der Kulturpass zu nutze und verlangt als scheinbar kleine Gegenleistung einen elektronischen Identit\u00e4tsnachweis. Bei hohen Nutzerzahlen soll das Angebot im kommenden Jahr auf 15- bis 17-J\u00e4hrige ausgeweitet werden. Zuvor hatte man Studenten die digitale Identit\u00e4t in Verbindung mit 200 Euro Energiekostenhilfe nahe gebracht.<\/p>\n\n\n\n<p>Hingearbeitet wird auf das Fernziel, die digitale Identit\u00e4t zur Voraussetzung f\u00fcr die Nutzung digitaler \u00d6kosysteme zu machen. Es handelt sich um ein weltweites Vorhaben. F\u00fcr alle wichtigen Leistungen soll letztendlich ein digitaler Identit\u00e4tsnachweis verlangt werden k\u00f6nnen. Als Beispiel wird in der Brosch\u00fcre \u201eDigitale Identit\u00e4t\u201c, Herausgegeben im M\u00e4rz 2021 vom Bundeskanzleramt, auf Seite 8 der Anwendungsfall \u201eHotel-Check-in\u201c genannt. Insbesondere f\u00fcr die digitale Geldb\u00f6rse und Zahlungen wird der Nachweis sp\u00e4ter wichtig sein. Aber auch der Impfausweis sowie der F\u00fchrerschein, vorliegend als digitale Dokumente zusammen mit anderen Zertifikaten in der Wallet, sollen je nach Notwendigkeit abverlangt werden k\u00f6nnen. Vorgesehen ist, dass bis 2030 mindestens 80 % der EU-B\u00fcrger eine digitale Identit\u00e4t besitzen. Die Umsetzungsphase beginnt hier bereits 2024.<\/p>\n","protected":false},"excerpt":{"rendered":"<div class=\"mh-excerpt\"><p>Der sogenannte Kulturpass wurde Mitte Juni 2023 mit der Begr\u00fcndung eingef\u00fchrt, junge Menschen f\u00fcr die Vielfalt der Kultur begeistern, und gleichzeitig die Kultureinrichtungen unterst\u00fctzen zu wollen. Schlie\u00dflich h\u00e4tten beide in der Corona-Zeit gelitten. Doch beim <a class=\"mh-excerpt-more\" href=\"https:\/\/www.studiogera.de\/001\/2023\/08\/04\/mit-dem-kulturpass-einen-schritt-weiter\/\" title=\"MIT DEM KULTURPASS EINEN SCHRITT WEITER\">[&#8230;]<\/a><\/p>\n<\/div>","protected":false},"author":2,"featured_media":26264,"comment_status":"open","ping_status":"open","sticky":false,"template":"","format":"standard","meta":{"footnotes":""},"categories":[1],"tags":[],"class_list":{"0":"post-26261","1":"post","2":"type-post","3":"status-publish","4":"format-standard","5":"has-post-thumbnail","7":"category-vermischtes"},"_links":{"self":[{"href":"https:\/\/www.studiogera.de\/001\/wp-json\/wp\/v2\/posts\/26261","targetHints":{"allow":["GET"]}}],"collection":[{"href":"https:\/\/www.studiogera.de\/001\/wp-json\/wp\/v2\/posts"}],"about":[{"href":"https:\/\/www.studiogera.de\/001\/wp-json\/wp\/v2\/types\/post"}],"author":[{"embeddable":true,"href":"https:\/\/www.studiogera.de\/001\/wp-json\/wp\/v2\/users\/2"}],"replies":[{"embeddable":true,"href":"https:\/\/www.studiogera.de\/001\/wp-json\/wp\/v2\/comments?post=26261"}],"version-history":[{"count":3,"href":"https:\/\/www.studiogera.de\/001\/wp-json\/wp\/v2\/posts\/26261\/revisions"}],"predecessor-version":[{"id":26270,"href":"https:\/\/www.studiogera.de\/001\/wp-json\/wp\/v2\/posts\/26261\/revisions\/26270"}],"wp:featuredmedia":[{"embeddable":true,"href":"https:\/\/www.studiogera.de\/001\/wp-json\/wp\/v2\/media\/26264"}],"wp:attachment":[{"href":"https:\/\/www.studiogera.de\/001\/wp-json\/wp\/v2\/media?parent=26261"}],"wp:term":[{"taxonomy":"category","embeddable":true,"href":"https:\/\/www.studiogera.de\/001\/wp-json\/wp\/v2\/categories?post=26261"},{"taxonomy":"post_tag","embeddable":true,"href":"https:\/\/www.studiogera.de\/001\/wp-json\/wp\/v2\/tags?post=26261"}],"curies":[{"name":"wp","href":"https:\/\/api.w.org\/{rel}","templated":true}]}}