{"id":26582,"date":"2023-08-23T08:51:16","date_gmt":"2023-08-23T06:51:16","guid":{"rendered":"http:\/\/www.studiogera.de\/001\/?p=26582"},"modified":"2023-08-23T08:51:17","modified_gmt":"2023-08-23T06:51:17","slug":"information-der-partei-buendnis-90-die-gruenen-22","status":"publish","type":"post","link":"https:\/\/www.studiogera.de\/001\/2023\/08\/23\/information-der-partei-buendnis-90-die-gruenen-22\/","title":{"rendered":"INFORMATION DER PARTEI \u201eB\u00dcNDNIS \u201990\/DIE GR\u00dcNEN\u201c"},"content":{"rendered":"\n<p>Am 24. August 2023 findet in der Zeit von 12.30 Uhr bis 14.30 Uhr am Johannisplatz eine Standaktion zum Thema Bildung anl\u00e4sslich der ersten Schulwoche statt. Gro\u00df und Klein sind herzlich eingeladen Material f\u00fcr die Schule mitzunehmen und mit den B\u00fcndnisgr\u00fcnen ins Gespr\u00e4ch zu kommen.<br><br>Interessierte B\u00fcrgerinnen und B\u00fcrger haben die M\u00f6glichkeit, zwischen 13.30 und 15.30 Uhr an der Johannisstra\u00dfe\/Ecke Schlo\u00dfstra\u00dfe mit Heiko Knopf, dem stellvertretenden Bundesvorsitzenden von B\u00fcndnis 90\/Die Gr\u00fcnen, zu sprechen. Durch das Format &#8222;Gr\u00fcne Couch&#8220; k\u00f6nnen in gem\u00fctlicher Atmosph\u00e4re insbesondere bundespolitische Themen diskutiert werden.<\/p>\n\n\n\n<p>QUELLE: B\u00dcNDNIS \u201990\/DIE GR\u00dcNEN<\/p>\n","protected":false},"excerpt":{"rendered":"<div class=\"mh-excerpt\"><p>Am 24. August 2023 findet in der Zeit von 12.30 Uhr bis 14.30 Uhr am Johannisplatz eine Standaktion zum Thema Bildung anl\u00e4sslich der ersten Schulwoche statt. Gro\u00df und Klein sind herzlich eingeladen Material f\u00fcr die <a class=\"mh-excerpt-more\" href=\"https:\/\/www.studiogera.de\/001\/2023\/08\/23\/information-der-partei-buendnis-90-die-gruenen-22\/\" title=\"INFORMATION DER PARTEI \u201eB\u00dcNDNIS \u201990\/DIE GR\u00dcNEN\u201c\">[&#8230;]<\/a><\/p>\n<\/div>","protected":false},"author":2,"featured_media":24448,"comment_status":"open","ping_status":"open","sticky":false,"template":"","format":"standard","meta":{"footnotes":""},"categories":[16],"tags":[],"class_list":{"0":"post-26582","1":"post","2":"type-post","3":"status-publish","4":"format-standard","5":"has-post-thumbnail","7":"category-kurzmitteilungen"},"_links":{"self":[{"href":"https:\/\/www.studiogera.de\/001\/wp-json\/wp\/v2\/posts\/26582","targetHints":{"allow":["GET"]}}],"collection":[{"href":"https:\/\/www.studiogera.de\/001\/wp-json\/wp\/v2\/posts"}],"about":[{"href":"https:\/\/www.studiogera.de\/001\/wp-json\/wp\/v2\/types\/post"}],"author":[{"embeddable":true,"href":"https:\/\/www.studiogera.de\/001\/wp-json\/wp\/v2\/users\/2"}],"replies":[{"embeddable":true,"href":"https:\/\/www.studiogera.de\/001\/wp-json\/wp\/v2\/comments?post=26582"}],"version-history":[{"count":1,"href":"https:\/\/www.studiogera.de\/001\/wp-json\/wp\/v2\/posts\/26582\/revisions"}],"predecessor-version":[{"id":26583,"href":"https:\/\/www.studiogera.de\/001\/wp-json\/wp\/v2\/posts\/26582\/revisions\/26583"}],"wp:featuredmedia":[{"embeddable":true,"href":"https:\/\/www.studiogera.de\/001\/wp-json\/wp\/v2\/media\/24448"}],"wp:attachment":[{"href":"https:\/\/www.studiogera.de\/001\/wp-json\/wp\/v2\/media?parent=26582"}],"wp:term":[{"taxonomy":"category","embeddable":true,"href":"https:\/\/www.studiogera.de\/001\/wp-json\/wp\/v2\/categories?post=26582"},{"taxonomy":"post_tag","embeddable":true,"href":"https:\/\/www.studiogera.de\/001\/wp-json\/wp\/v2\/tags?post=26582"}],"curies":[{"name":"wp","href":"https:\/\/api.w.org\/{rel}","templated":true}]}}