{"id":26584,"date":"2023-08-23T12:19:17","date_gmt":"2023-08-23T10:19:17","guid":{"rendered":"http:\/\/www.studiogera.de\/001\/?p=26584"},"modified":"2023-08-23T23:07:01","modified_gmt":"2023-08-23T21:07:01","slug":"ankauf-des-friederici-portraits-fuer-das-stadtmuseum","status":"publish","type":"post","link":"https:\/\/www.studiogera.de\/001\/2023\/08\/23\/ankauf-des-friederici-portraits-fuer-das-stadtmuseum\/","title":{"rendered":"ANKAUF DES FRIEDERICI-PORTRAITS F\u00dcR DAS STADTMUSEUM"},"content":{"rendered":"\n<p>Vor f\u00fcnf Monaten rief der F\u00f6rderverein des Geraer Stadtmuseums eine Spendenaktion zum Ankauf eines Portraits des Klavier- und Orgelbauers Christian Ernst Friederici aus dem 18. Jahrhundert ins Leben. Mit Unterst\u00fctzung der Sparkassenstiftung und einiger Gro\u00dfspender wurde dieses Ziel schneller erreicht als erwartet. Mit der \u00dcberreichung des symbolischen Schecks durch den Vorstandsvorsitzenden der Sparkasse Gera-Greiz, Dr. Hendrik Ziegenbein, \u00fcber ein Viertel des Gesamtankaufspreises von 8000 Euro gemeinsam mit Geras Oberb\u00fcrgermeister Julia Vonarb an Thomas Leidel, Vorsitzender des F\u00f6rdervereins des Stadtmuseums, kann das Bildnis Friedericis nun f\u00fcr das Stadtmuseum erworben werden. Oberb\u00fcrgermeister war ebenfalls begeistert von der Spendenfreudigkeit:<\/p>\n\n\n\n<blockquote class=\"wp-block-quote is-layout-flow wp-block-quote-is-layout-flow\">\n<p>\u201eEs ist toll zu sehen, dass die Geraer B\u00fcrgerinnen und B\u00fcrger sich f\u00fcr die Geschichte unserer Stadt einsetzen und mit vielen gro\u00dfen und kleinen Spenden dazu beigetragen haben, dieses sch\u00f6ne Gem\u00e4lde heim zu holen.\u201c<\/p>\n<\/blockquote>\n\n\n\n<p>Das einzig bekannte Portrait des Pioniers der Geraer Musikinstrumentenindustrie befand sich bis Anfang des 20. Jahrhunderts im Besitz der Familie Friederici. Hier wurde es dann von einem Bamberger Musikinstrumentenbauer erworben, dessen Nachfahre es nun wiederum zur\u00fcck nach Gera verkauft.<\/p>\n\n\n\n<p>Eigentlich wollte der Verein die Geraer Museumsnacht am Freitag, 25. August 2023, noch einmal nutzen, um Spender zu gewinnen. Jetzt will man sich bereits um die Finanzierung des n\u00e4chsten Projektes bem\u00fchen \u2013 ein Objekt aus der Sammlung des Schlosses Osterstein, verr\u00e4t Thomas Leidel. Zur Museumsnacht wird das Gem\u00e4lde zun\u00e4chst zu sehen sein, bevor es mittelfristig Teil der Dauerausstellung wird, k\u00fcndigt Museumsleiter Konrad Kessler an.<\/p>\n\n\n\n<p>QUELLE: STADTVERWALTUNG<\/p>\n","protected":false},"excerpt":{"rendered":"<div class=\"mh-excerpt\"><p>Vor f\u00fcnf Monaten rief der F\u00f6rderverein des Geraer Stadtmuseums eine Spendenaktion zum Ankauf eines Portraits des Klavier- und Orgelbauers Christian Ernst Friederici aus dem 18. Jahrhundert ins Leben. Mit Unterst\u00fctzung der Sparkassenstiftung und einiger Gro\u00dfspender <a class=\"mh-excerpt-more\" href=\"https:\/\/www.studiogera.de\/001\/2023\/08\/23\/ankauf-des-friederici-portraits-fuer-das-stadtmuseum\/\" title=\"ANKAUF DES FRIEDERICI-PORTRAITS F\u00dcR DAS STADTMUSEUM\">[&#8230;]<\/a><\/p>\n<\/div>","protected":false},"author":2,"featured_media":26585,"comment_status":"open","ping_status":"open","sticky":false,"template":"","format":"standard","meta":{"footnotes":""},"categories":[8],"tags":[],"class_list":{"0":"post-26584","1":"post","2":"type-post","3":"status-publish","4":"format-standard","5":"has-post-thumbnail","7":"category-kultur"},"_links":{"self":[{"href":"https:\/\/www.studiogera.de\/001\/wp-json\/wp\/v2\/posts\/26584","targetHints":{"allow":["GET"]}}],"collection":[{"href":"https:\/\/www.studiogera.de\/001\/wp-json\/wp\/v2\/posts"}],"about":[{"href":"https:\/\/www.studiogera.de\/001\/wp-json\/wp\/v2\/types\/post"}],"author":[{"embeddable":true,"href":"https:\/\/www.studiogera.de\/001\/wp-json\/wp\/v2\/users\/2"}],"replies":[{"embeddable":true,"href":"https:\/\/www.studiogera.de\/001\/wp-json\/wp\/v2\/comments?post=26584"}],"version-history":[{"count":2,"href":"https:\/\/www.studiogera.de\/001\/wp-json\/wp\/v2\/posts\/26584\/revisions"}],"predecessor-version":[{"id":26605,"href":"https:\/\/www.studiogera.de\/001\/wp-json\/wp\/v2\/posts\/26584\/revisions\/26605"}],"wp:featuredmedia":[{"embeddable":true,"href":"https:\/\/www.studiogera.de\/001\/wp-json\/wp\/v2\/media\/26585"}],"wp:attachment":[{"href":"https:\/\/www.studiogera.de\/001\/wp-json\/wp\/v2\/media?parent=26584"}],"wp:term":[{"taxonomy":"category","embeddable":true,"href":"https:\/\/www.studiogera.de\/001\/wp-json\/wp\/v2\/categories?post=26584"},{"taxonomy":"post_tag","embeddable":true,"href":"https:\/\/www.studiogera.de\/001\/wp-json\/wp\/v2\/tags?post=26584"}],"curies":[{"name":"wp","href":"https:\/\/api.w.org\/{rel}","templated":true}]}}