{"id":27008,"date":"2023-09-16T23:31:35","date_gmt":"2023-09-16T21:31:35","guid":{"rendered":"http:\/\/www.studiogera.de\/001\/?p=27008"},"modified":"2023-09-16T23:31:37","modified_gmt":"2023-09-16T21:31:37","slug":"kuenstlergespraech-in-der-orangerie","status":"publish","type":"post","link":"https:\/\/www.studiogera.de\/001\/2023\/09\/16\/kuenstlergespraech-in-der-orangerie\/","title":{"rendered":"K\u00dcNSTLERGESPR\u00c4CH IN DER ORANGERIE"},"content":{"rendered":"\n<p>Die Kunstsammlung Gera l\u00e4dt am letzten Tag der Ausstellung \u201eDoris Ziegler. Passage\u201c zu einem K\u00fcnstlergespr\u00e4ch in die Orangerie ein. Doris Ziegler und Barbara Toch werden im Gespr\u00e4ch mit Astrid Lindinger \u00fcber ihre k\u00fcnstlerischen und biographischen Wurzeln, wichtige Begegnungen sowie ihre unterschiedlichen Erfahrungen und Erlebnisse w\u00e4hrend den gesellschaftspolitischen Ver\u00e4nderungen in den 1990er Jahre sprechen. Beide absolvierten die Hochschule f\u00fcr Grafik und Buchkunst in Leipzig und fanden auf unterschiedlichen Wegen ihren Arbeits- und Lebensort. Sowohl in Motivwahl und Bildsprache verschieden haben beide h\u00f6chst eigenst\u00e4ndige Bildsprachen entwickelt und sich ihren Platz in der mitteldeutschen Gegenwartskunst erworben.\u00a0Die Veranstaltung findet am 17. September 2023 um 11 Uhr im S\u00fcdfl\u00fcgel der Orangerie statt.<\/p>\n\n\n\n<p>QUELLE: STADTVERWALTUNG<\/p>\n","protected":false},"excerpt":{"rendered":"<div class=\"mh-excerpt\"><p>Die Kunstsammlung Gera l\u00e4dt am letzten Tag der Ausstellung \u201eDoris Ziegler. Passage\u201c zu einem K\u00fcnstlergespr\u00e4ch in die Orangerie ein. Doris Ziegler und Barbara Toch werden im Gespr\u00e4ch mit Astrid Lindinger \u00fcber ihre k\u00fcnstlerischen und biographischen <a class=\"mh-excerpt-more\" href=\"https:\/\/www.studiogera.de\/001\/2023\/09\/16\/kuenstlergespraech-in-der-orangerie\/\" title=\"K\u00dcNSTLERGESPR\u00c4CH IN DER ORANGERIE\">[&#8230;]<\/a><\/p>\n<\/div>","protected":false},"author":3,"featured_media":25340,"comment_status":"open","ping_status":"open","sticky":false,"template":"","format":"standard","meta":{"footnotes":""},"categories":[8],"tags":[],"class_list":{"0":"post-27008","1":"post","2":"type-post","3":"status-publish","4":"format-standard","5":"has-post-thumbnail","7":"category-kultur"},"_links":{"self":[{"href":"https:\/\/www.studiogera.de\/001\/wp-json\/wp\/v2\/posts\/27008","targetHints":{"allow":["GET"]}}],"collection":[{"href":"https:\/\/www.studiogera.de\/001\/wp-json\/wp\/v2\/posts"}],"about":[{"href":"https:\/\/www.studiogera.de\/001\/wp-json\/wp\/v2\/types\/post"}],"author":[{"embeddable":true,"href":"https:\/\/www.studiogera.de\/001\/wp-json\/wp\/v2\/users\/3"}],"replies":[{"embeddable":true,"href":"https:\/\/www.studiogera.de\/001\/wp-json\/wp\/v2\/comments?post=27008"}],"version-history":[{"count":1,"href":"https:\/\/www.studiogera.de\/001\/wp-json\/wp\/v2\/posts\/27008\/revisions"}],"predecessor-version":[{"id":27009,"href":"https:\/\/www.studiogera.de\/001\/wp-json\/wp\/v2\/posts\/27008\/revisions\/27009"}],"wp:featuredmedia":[{"embeddable":true,"href":"https:\/\/www.studiogera.de\/001\/wp-json\/wp\/v2\/media\/25340"}],"wp:attachment":[{"href":"https:\/\/www.studiogera.de\/001\/wp-json\/wp\/v2\/media?parent=27008"}],"wp:term":[{"taxonomy":"category","embeddable":true,"href":"https:\/\/www.studiogera.de\/001\/wp-json\/wp\/v2\/categories?post=27008"},{"taxonomy":"post_tag","embeddable":true,"href":"https:\/\/www.studiogera.de\/001\/wp-json\/wp\/v2\/tags?post=27008"}],"curies":[{"name":"wp","href":"https:\/\/api.w.org\/{rel}","templated":true}]}}