{"id":27288,"date":"2023-10-01T12:42:36","date_gmt":"2023-10-01T10:42:36","guid":{"rendered":"http:\/\/www.studiogera.de\/001\/?p=27288"},"modified":"2023-10-01T12:42:39","modified_gmt":"2023-10-01T10:42:39","slug":"alkoholisierter-pkw-fahrer-in-der-theaterstrasse","status":"publish","type":"post","link":"https:\/\/www.studiogera.de\/001\/2023\/10\/01\/alkoholisierter-pkw-fahrer-in-der-theaterstrasse\/","title":{"rendered":"ALKOHOLISIERTER PKW-FAHRER IN DER THEATERSTRASSE"},"content":{"rendered":"\n<p>Am Sonntag, den 1. Oktober 2023, stoppten Beamte in der Nacht um 2.25 Uhr einen 32-j\u00e4hrigen Fahrzeugf\u00fchrer eines Opel Astra in der Theaterstra\u00dfe. W\u00e4hrend der Verkehrskontrolle ergaben sich Hinweise auf eine alkoholbedingte Fahrt. Ein Test best\u00e4tigte den Verdacht. Ein Atemalkoholtest ergab einen Wert von 2,4 pro mille. Die Weiterfahrt wurde sofort unterbunden und eine Blutprobenentnahme durchgef\u00fchrt. Es wurde ein Ermittlungsverfahren wegen Trunkenheit in Stra\u00dfenverkehr eingeleitet.<\/p>\n","protected":false},"excerpt":{"rendered":"<div class=\"mh-excerpt\"><p>Am Sonntag, den 1. Oktober 2023, stoppten Beamte in der Nacht um 2.25 Uhr einen 32-j\u00e4hrigen Fahrzeugf\u00fchrer eines Opel Astra in der Theaterstra\u00dfe. W\u00e4hrend der Verkehrskontrolle ergaben sich Hinweise auf eine alkoholbedingte Fahrt. Ein Test <a class=\"mh-excerpt-more\" href=\"https:\/\/www.studiogera.de\/001\/2023\/10\/01\/alkoholisierter-pkw-fahrer-in-der-theaterstrasse\/\" title=\"ALKOHOLISIERTER PKW-FAHRER IN DER THEATERSTRASSE\">[&#8230;]<\/a><\/p>\n<\/div>","protected":false},"author":2,"featured_media":22582,"comment_status":"open","ping_status":"open","sticky":false,"template":"","format":"standard","meta":{"footnotes":""},"categories":[13],"tags":[],"class_list":{"0":"post-27288","1":"post","2":"type-post","3":"status-publish","4":"format-standard","5":"has-post-thumbnail","7":"category-polizeiberichte"},"_links":{"self":[{"href":"https:\/\/www.studiogera.de\/001\/wp-json\/wp\/v2\/posts\/27288","targetHints":{"allow":["GET"]}}],"collection":[{"href":"https:\/\/www.studiogera.de\/001\/wp-json\/wp\/v2\/posts"}],"about":[{"href":"https:\/\/www.studiogera.de\/001\/wp-json\/wp\/v2\/types\/post"}],"author":[{"embeddable":true,"href":"https:\/\/www.studiogera.de\/001\/wp-json\/wp\/v2\/users\/2"}],"replies":[{"embeddable":true,"href":"https:\/\/www.studiogera.de\/001\/wp-json\/wp\/v2\/comments?post=27288"}],"version-history":[{"count":1,"href":"https:\/\/www.studiogera.de\/001\/wp-json\/wp\/v2\/posts\/27288\/revisions"}],"predecessor-version":[{"id":27289,"href":"https:\/\/www.studiogera.de\/001\/wp-json\/wp\/v2\/posts\/27288\/revisions\/27289"}],"wp:featuredmedia":[{"embeddable":true,"href":"https:\/\/www.studiogera.de\/001\/wp-json\/wp\/v2\/media\/22582"}],"wp:attachment":[{"href":"https:\/\/www.studiogera.de\/001\/wp-json\/wp\/v2\/media?parent=27288"}],"wp:term":[{"taxonomy":"category","embeddable":true,"href":"https:\/\/www.studiogera.de\/001\/wp-json\/wp\/v2\/categories?post=27288"},{"taxonomy":"post_tag","embeddable":true,"href":"https:\/\/www.studiogera.de\/001\/wp-json\/wp\/v2\/tags?post=27288"}],"curies":[{"name":"wp","href":"https:\/\/api.w.org\/{rel}","templated":true}]}}