{"id":27341,"date":"2023-10-04T13:08:18","date_gmt":"2023-10-04T11:08:18","guid":{"rendered":"http:\/\/www.studiogera.de\/001\/?p=27341"},"modified":"2023-10-04T13:08:21","modified_gmt":"2023-10-04T11:08:21","slug":"opernmatinee-mit-saengerinnen-und-saengern","status":"publish","type":"post","link":"https:\/\/www.studiogera.de\/001\/2023\/10\/04\/opernmatinee-mit-saengerinnen-und-saengern\/","title":{"rendered":"OPERNMATINEE MIT S\u00c4NGERINNEN UND S\u00c4NGERN"},"content":{"rendered":"\n<p>Die Komische Oper \u201eDer Wildsch\u00fctz oder Die Stimme der Natur\u201c feiert am Sonntag, den 15. Oktober 2023, um 18 Uhr im Gro\u00dfen Haus Gera Premiere. In diesem Zusammenhang findet am Sonntag, den 8. Oktober, um 11 Uhr im Konzertsaal eine Einf\u00fchrung in das St\u00fcck statt. Der Musikalische Leiter, Thomas Wicklein, die Sopranistin Miriam Zubieta, Bassbariton Kai Wefer und Sopranistin Julia Gromball werden musikalische Kostproben pr\u00e4sentieren. Regisseur Michael Dissmeier wird au\u00dferdem Einblicke \u00fcber die Probenarbeit, das Regiekonzept und seinen pers\u00f6nlichen Zugang zu Albert Lortzings raffinierter Verwechslungskom\u00f6die geben. Der Eintritt ist kostenfrei.<\/p>\n\n\n\n<p>QUELLE: THEATER ALTENBURG GERA GGMBH<\/p>\n","protected":false},"excerpt":{"rendered":"<div class=\"mh-excerpt\"><p>Die Komische Oper \u201eDer Wildsch\u00fctz oder Die Stimme der Natur\u201c feiert am Sonntag, den 15. Oktober 2023, um 18 Uhr im Gro\u00dfen Haus Gera Premiere. In diesem Zusammenhang findet am Sonntag, den 8. Oktober, um <a class=\"mh-excerpt-more\" href=\"https:\/\/www.studiogera.de\/001\/2023\/10\/04\/opernmatinee-mit-saengerinnen-und-saengern\/\" title=\"OPERNMATINEE MIT S\u00c4NGERINNEN UND S\u00c4NGERN\">[&#8230;]<\/a><\/p>\n<\/div>","protected":false},"author":2,"featured_media":27342,"comment_status":"open","ping_status":"open","sticky":false,"template":"","format":"standard","meta":{"footnotes":""},"categories":[15],"tags":[],"class_list":{"0":"post-27341","1":"post","2":"type-post","3":"status-publish","4":"format-standard","5":"has-post-thumbnail","7":"category-theater"},"_links":{"self":[{"href":"https:\/\/www.studiogera.de\/001\/wp-json\/wp\/v2\/posts\/27341","targetHints":{"allow":["GET"]}}],"collection":[{"href":"https:\/\/www.studiogera.de\/001\/wp-json\/wp\/v2\/posts"}],"about":[{"href":"https:\/\/www.studiogera.de\/001\/wp-json\/wp\/v2\/types\/post"}],"author":[{"embeddable":true,"href":"https:\/\/www.studiogera.de\/001\/wp-json\/wp\/v2\/users\/2"}],"replies":[{"embeddable":true,"href":"https:\/\/www.studiogera.de\/001\/wp-json\/wp\/v2\/comments?post=27341"}],"version-history":[{"count":1,"href":"https:\/\/www.studiogera.de\/001\/wp-json\/wp\/v2\/posts\/27341\/revisions"}],"predecessor-version":[{"id":27343,"href":"https:\/\/www.studiogera.de\/001\/wp-json\/wp\/v2\/posts\/27341\/revisions\/27343"}],"wp:featuredmedia":[{"embeddable":true,"href":"https:\/\/www.studiogera.de\/001\/wp-json\/wp\/v2\/media\/27342"}],"wp:attachment":[{"href":"https:\/\/www.studiogera.de\/001\/wp-json\/wp\/v2\/media?parent=27341"}],"wp:term":[{"taxonomy":"category","embeddable":true,"href":"https:\/\/www.studiogera.de\/001\/wp-json\/wp\/v2\/categories?post=27341"},{"taxonomy":"post_tag","embeddable":true,"href":"https:\/\/www.studiogera.de\/001\/wp-json\/wp\/v2\/tags?post=27341"}],"curies":[{"name":"wp","href":"https:\/\/api.w.org\/{rel}","templated":true}]}}