{"id":27766,"date":"2023-10-29T08:17:00","date_gmt":"2023-10-29T07:17:00","guid":{"rendered":"http:\/\/www.studiogera.de\/001\/?p=27766"},"modified":"2023-10-29T08:17:02","modified_gmt":"2023-10-29T07:17:02","slug":"obm-gratuliert-absolventen-der-dualen-hochschule","status":"publish","type":"post","link":"https:\/\/www.studiogera.de\/001\/2023\/10\/29\/obm-gratuliert-absolventen-der-dualen-hochschule\/","title":{"rendered":"OBM GRATULIERT ABSOLVENTEN DER DUALEN HOCHSCHULE"},"content":{"rendered":"\n<p>Am Freitag, den 27. Oktober 2023, fand die feierliche Exmatrikulationsveranstaltung der Dualen Hochschule Gera-Eisenach im Theater Altenburg Gera statt. Oberb\u00fcrgermeister Julian Vonarb richtete sich im Rahmen der Feierlichkeiten in einem Gru\u00dfwort pers\u00f6nlich an die Absolventen der Matrikel 2020:<\/p>\n\n\n\n<blockquote class=\"wp-block-quote is-layout-flow wp-block-quote-is-layout-flow\">\n<p>\u201eIch gratuliere Ihnen herzlich zum Abschluss Ihrer akademischen Reise, die Sie mit Engagement und Entschlossenheit gemeistert haben. F\u00fcr die Zukunft w\u00fcnsche ich Ihnen alles Gute und hoffe, dass viele von Ihnen mit der Stadt verbunden bleiben und im lokalen Arbeitsmarkt Fu\u00df fassen. Unsere Stadt bietet ein gro\u00dfes Potential zur Mitgestaltung und Fortentwicklung. Nutzen Sie dies!\u201c<\/p>\n<\/blockquote>\n\n\n\n<p>Mit der Erweiterung des Campus entstehen zuk\u00fcnftig neue Platzkapazit\u00e4ten, die den Studienstandort Gera noch attraktiver machen. Dessen ist sich Vonarb sicher:<\/p>\n\n\n\n<blockquote class=\"wp-block-quote is-layout-flow wp-block-quote-is-layout-flow\">\n<p>\u201eNeben hervorragenden Praxispartnern in den Fachbereichen Wirtschaft, Informatik und Soziales verf\u00fcgt die Stadt zus\u00e4tzlich \u00fcber einen studierendenfreundlichen Wohnungsmarkt und eine gute Infrastruktur.\u201c<\/p>\n<\/blockquote>\n\n\n\n<p>Insgesamt 247 Absolventinnen und Absolventen schlossen ihr Studium im Herbst 2023 ab.<\/p>\n","protected":false},"excerpt":{"rendered":"<div class=\"mh-excerpt\"><p>Am Freitag, den 27. Oktober 2023, fand die feierliche Exmatrikulationsveranstaltung der Dualen Hochschule Gera-Eisenach im Theater Altenburg Gera statt. Oberb\u00fcrgermeister Julian Vonarb richtete sich im Rahmen der Feierlichkeiten in einem Gru\u00dfwort pers\u00f6nlich an die Absolventen <a class=\"mh-excerpt-more\" href=\"https:\/\/www.studiogera.de\/001\/2023\/10\/29\/obm-gratuliert-absolventen-der-dualen-hochschule\/\" title=\"OBM GRATULIERT ABSOLVENTEN DER DUALEN HOCHSCHULE\">[&#8230;]<\/a><\/p>\n<\/div>","protected":false},"author":2,"featured_media":27767,"comment_status":"open","ping_status":"open","sticky":false,"template":"","format":"standard","meta":{"footnotes":""},"categories":[3],"tags":[],"class_list":{"0":"post-27766","1":"post","2":"type-post","3":"status-publish","4":"format-standard","5":"has-post-thumbnail","7":"category-lokal"},"_links":{"self":[{"href":"https:\/\/www.studiogera.de\/001\/wp-json\/wp\/v2\/posts\/27766","targetHints":{"allow":["GET"]}}],"collection":[{"href":"https:\/\/www.studiogera.de\/001\/wp-json\/wp\/v2\/posts"}],"about":[{"href":"https:\/\/www.studiogera.de\/001\/wp-json\/wp\/v2\/types\/post"}],"author":[{"embeddable":true,"href":"https:\/\/www.studiogera.de\/001\/wp-json\/wp\/v2\/users\/2"}],"replies":[{"embeddable":true,"href":"https:\/\/www.studiogera.de\/001\/wp-json\/wp\/v2\/comments?post=27766"}],"version-history":[{"count":1,"href":"https:\/\/www.studiogera.de\/001\/wp-json\/wp\/v2\/posts\/27766\/revisions"}],"predecessor-version":[{"id":27768,"href":"https:\/\/www.studiogera.de\/001\/wp-json\/wp\/v2\/posts\/27766\/revisions\/27768"}],"wp:featuredmedia":[{"embeddable":true,"href":"https:\/\/www.studiogera.de\/001\/wp-json\/wp\/v2\/media\/27767"}],"wp:attachment":[{"href":"https:\/\/www.studiogera.de\/001\/wp-json\/wp\/v2\/media?parent=27766"}],"wp:term":[{"taxonomy":"category","embeddable":true,"href":"https:\/\/www.studiogera.de\/001\/wp-json\/wp\/v2\/categories?post=27766"},{"taxonomy":"post_tag","embeddable":true,"href":"https:\/\/www.studiogera.de\/001\/wp-json\/wp\/v2\/tags?post=27766"}],"curies":[{"name":"wp","href":"https:\/\/api.w.org\/{rel}","templated":true}]}}