{"id":27771,"date":"2023-10-29T11:39:28","date_gmt":"2023-10-29T10:39:28","guid":{"rendered":"http:\/\/www.studiogera.de\/001\/?p=27771"},"modified":"2023-10-29T11:39:30","modified_gmt":"2023-10-29T10:39:30","slug":"kritik-an-journalisten-nach-aeusserungen-zum-nahen-osten","status":"publish","type":"post","link":"https:\/\/www.studiogera.de\/001\/2023\/10\/29\/kritik-an-journalisten-nach-aeusserungen-zum-nahen-osten\/","title":{"rendered":"KRITIK AN JOURNALISTEN NACH \u00c4USSERUNGEN ZUM NAHEN OSTEN"},"content":{"rendered":"\n<p>Mehrere Journalisten haben in diesem Monat erfahren m\u00fcssen, wie leicht sie mit Berichten und Kommentaren zum Nahost-Konflikt ungewollt eine Welle der Emp\u00f6rung ausl\u00f6sen k\u00f6nnen. Ein falscher Begriff kann bereits folgenschwere Konsequenzen nach sich ziehen. Die Gefahr, \u00f6ffentlich diffamiert zu werden, ist so gro\u00df, dass sich einige nun gar nicht mehr zum Thema \u00e4u\u00dfert wollen.<\/p>\n\n\n\n<p>Vorsicht ist insbesondere bei Ratschl\u00e4gen und dergleichen geboten. Der Chefredakteur der J\u00fcdischen Allgemeinen Wochenzeitung, Philipp Peyman Engel, kommentierte im Sender Deutschlandfunk Kultur, Belehrungen aus dem Land der T\u00e4ter seien unertr\u00e4glich. Er kritisierte deutsche Journalisten, die Israel zur M\u00e4\u00dfigung mahnen und pflichtete den Worten des Kabarettisten Georg Ehring bei, der in seiner Sendung \u201eExtra 3\u201d gesagt hatte:<\/p>\n\n\n\n<blockquote class=\"wp-block-quote is-layout-flow wp-block-quote-is-layout-flow\">\n<p>\u201eDass die Nachfahren der M\u00f6rder von damals meinen, den Nachfahren der \u00dcberlebenden erkl\u00e4ren zu m\u00fcssen, wie diese f\u00fcr ihre Sicherheit zu sorgen haben und wie nicht, ist der Gipfel der Schamlosigkeit.\u201d<\/p>\n<\/blockquote>\n\n\n\n<p>An diesem Beispiel wird deutlich, dass dem Journalismus hier eine besondere Verantwortung zukommt, weil sich eine Eskalationsspirale in den Medien fr\u00fcher oder sp\u00e4ter auch in der \u00d6ffentlichkeit bemerkbar machen k\u00f6nnte. Auf Zuspitzungen folgen noch sch\u00e4rfere Worte in den sozialen Netzwerken, die immer weitere, sehr viel drastischere Reaktionen nach sich ziehen, wobei sich der Kreis der Beteiligten erweitert.<\/p>\n\n\n\n<p>Gefragt ist die F\u00e4higkeit des Perspektivwechsels. Was w\u00fcrde man als Einwohner Israels schreiben, oder wenn sich gleiches in Deutschland ereignet h\u00e4tte? Wie w\u00fcrde ein Reporter aus Gaza die Situation in seiner Region schildern? Worte k\u00f6nnen viel bewegen, die Menschen noch weiter gegeneinander aufbringen oder sie ermutigen, \u00fcber neue M\u00f6glichkeiten eines friedlichen Zusammenlebens nachzudenken.<\/p>\n","protected":false},"excerpt":{"rendered":"<div class=\"mh-excerpt\"><p>Mehrere Journalisten haben in diesem Monat erfahren m\u00fcssen, wie leicht sie mit Berichten und Kommentaren zum Nahost-Konflikt ungewollt eine Welle der Emp\u00f6rung ausl\u00f6sen k\u00f6nnen. Ein falscher Begriff kann bereits folgenschwere Konsequenzen nach sich ziehen. Die <a class=\"mh-excerpt-more\" href=\"https:\/\/www.studiogera.de\/001\/2023\/10\/29\/kritik-an-journalisten-nach-aeusserungen-zum-nahen-osten\/\" title=\"KRITIK AN JOURNALISTEN NACH \u00c4USSERUNGEN ZUM NAHEN OSTEN\">[&#8230;]<\/a><\/p>\n<\/div>","protected":false},"author":2,"featured_media":27772,"comment_status":"open","ping_status":"open","sticky":false,"template":"","format":"standard","meta":{"footnotes":""},"categories":[17],"tags":[],"class_list":{"0":"post-27771","1":"post","2":"type-post","3":"status-publish","4":"format-standard","5":"has-post-thumbnail","7":"category-medien"},"_links":{"self":[{"href":"https:\/\/www.studiogera.de\/001\/wp-json\/wp\/v2\/posts\/27771","targetHints":{"allow":["GET"]}}],"collection":[{"href":"https:\/\/www.studiogera.de\/001\/wp-json\/wp\/v2\/posts"}],"about":[{"href":"https:\/\/www.studiogera.de\/001\/wp-json\/wp\/v2\/types\/post"}],"author":[{"embeddable":true,"href":"https:\/\/www.studiogera.de\/001\/wp-json\/wp\/v2\/users\/2"}],"replies":[{"embeddable":true,"href":"https:\/\/www.studiogera.de\/001\/wp-json\/wp\/v2\/comments?post=27771"}],"version-history":[{"count":1,"href":"https:\/\/www.studiogera.de\/001\/wp-json\/wp\/v2\/posts\/27771\/revisions"}],"predecessor-version":[{"id":27773,"href":"https:\/\/www.studiogera.de\/001\/wp-json\/wp\/v2\/posts\/27771\/revisions\/27773"}],"wp:featuredmedia":[{"embeddable":true,"href":"https:\/\/www.studiogera.de\/001\/wp-json\/wp\/v2\/media\/27772"}],"wp:attachment":[{"href":"https:\/\/www.studiogera.de\/001\/wp-json\/wp\/v2\/media?parent=27771"}],"wp:term":[{"taxonomy":"category","embeddable":true,"href":"https:\/\/www.studiogera.de\/001\/wp-json\/wp\/v2\/categories?post=27771"},{"taxonomy":"post_tag","embeddable":true,"href":"https:\/\/www.studiogera.de\/001\/wp-json\/wp\/v2\/tags?post=27771"}],"curies":[{"name":"wp","href":"https:\/\/api.w.org\/{rel}","templated":true}]}}