{"id":27776,"date":"2023-10-29T11:46:19","date_gmt":"2023-10-29T10:46:19","guid":{"rendered":"http:\/\/www.studiogera.de\/001\/?p=27776"},"modified":"2023-10-29T11:46:20","modified_gmt":"2023-10-29T10:46:20","slug":"strassensperrung-nach-vu-in-bad-koestritz","status":"publish","type":"post","link":"https:\/\/www.studiogera.de\/001\/2023\/10\/29\/strassensperrung-nach-vu-in-bad-koestritz\/","title":{"rendered":"STRASSENSPERRUNG NACH VU IN BAD K\u00d6STRITZ"},"content":{"rendered":"\n<p>Am 27. Oktober ereignete sich um 6.50 Uhr ein folgenschwerer Verkehrsunfall auf der L 3007 am Abzweig Bad K\u00f6stritz. Ein 19-J\u00e4hriger Audi-Fahrer wollte von der Werner-Sylten-Stra\u00dfe in Bad-K\u00f6stritz auf die Landstra\u00dfe in Richtung Caaschwitz auffahren. Hierbei \u00fcbersah er einen 18-J\u00e4hrigen VW-Fahrer, der in Richtung Gera fuhr. Durch die Kollision wurden beide Fahrzugf\u00fchrer verletzt und mussten im Klinikum Gera behandelt werden. Die Landstra\u00dfe war etwa eine Stunde lang vollst\u00e4ndig gesperrt. Der Sachschaden an beiden Fahrzeugen bel\u00e4uft sich auf etwa 15&#8217;000 Euro.<\/p>\n","protected":false},"excerpt":{"rendered":"<div class=\"mh-excerpt\"><p>Am 27. Oktober ereignete sich um 6.50 Uhr ein folgenschwerer Verkehrsunfall auf der L 3007 am Abzweig Bad K\u00f6stritz. Ein 19-J\u00e4hriger Audi-Fahrer wollte von der Werner-Sylten-Stra\u00dfe in Bad-K\u00f6stritz auf die Landstra\u00dfe in Richtung Caaschwitz auffahren. <a class=\"mh-excerpt-more\" href=\"https:\/\/www.studiogera.de\/001\/2023\/10\/29\/strassensperrung-nach-vu-in-bad-koestritz\/\" title=\"STRASSENSPERRUNG NACH VU IN BAD K\u00d6STRITZ\">[&#8230;]<\/a><\/p>\n<\/div>","protected":false},"author":2,"featured_media":22582,"comment_status":"open","ping_status":"open","sticky":false,"template":"","format":"standard","meta":{"footnotes":""},"categories":[13],"tags":[],"class_list":{"0":"post-27776","1":"post","2":"type-post","3":"status-publish","4":"format-standard","5":"has-post-thumbnail","7":"category-polizeiberichte"},"_links":{"self":[{"href":"https:\/\/www.studiogera.de\/001\/wp-json\/wp\/v2\/posts\/27776","targetHints":{"allow":["GET"]}}],"collection":[{"href":"https:\/\/www.studiogera.de\/001\/wp-json\/wp\/v2\/posts"}],"about":[{"href":"https:\/\/www.studiogera.de\/001\/wp-json\/wp\/v2\/types\/post"}],"author":[{"embeddable":true,"href":"https:\/\/www.studiogera.de\/001\/wp-json\/wp\/v2\/users\/2"}],"replies":[{"embeddable":true,"href":"https:\/\/www.studiogera.de\/001\/wp-json\/wp\/v2\/comments?post=27776"}],"version-history":[{"count":1,"href":"https:\/\/www.studiogera.de\/001\/wp-json\/wp\/v2\/posts\/27776\/revisions"}],"predecessor-version":[{"id":27777,"href":"https:\/\/www.studiogera.de\/001\/wp-json\/wp\/v2\/posts\/27776\/revisions\/27777"}],"wp:featuredmedia":[{"embeddable":true,"href":"https:\/\/www.studiogera.de\/001\/wp-json\/wp\/v2\/media\/22582"}],"wp:attachment":[{"href":"https:\/\/www.studiogera.de\/001\/wp-json\/wp\/v2\/media?parent=27776"}],"wp:term":[{"taxonomy":"category","embeddable":true,"href":"https:\/\/www.studiogera.de\/001\/wp-json\/wp\/v2\/categories?post=27776"},{"taxonomy":"post_tag","embeddable":true,"href":"https:\/\/www.studiogera.de\/001\/wp-json\/wp\/v2\/tags?post=27776"}],"curies":[{"name":"wp","href":"https:\/\/api.w.org\/{rel}","templated":true}]}}