{"id":27788,"date":"2023-10-30T10:09:46","date_gmt":"2023-10-30T09:09:46","guid":{"rendered":"http:\/\/www.studiogera.de\/001\/?p=27788"},"modified":"2023-10-30T10:09:47","modified_gmt":"2023-10-30T09:09:47","slug":"333-mal-gera-in-der-welt","status":"publish","type":"post","link":"https:\/\/www.studiogera.de\/001\/2023\/10\/30\/333-mal-gera-in-der-welt\/","title":{"rendered":"333-MAL GERA IN DER WELT"},"content":{"rendered":"\n<p><em>Dieter Bauke h\u00e4lt am Dienstag, den 7. November 2023, ab 17 Uhr in der Geraer Bibliothek am Puschkinplatz einen Vortrag.<\/em><\/p>\n\n\n\n<p>Der Heimatforscher Dieter Bauke hat recherchiert und gesammelt mit dem Ergebnis, dass Gera in der Welt 333mal existiert. Verbl\u00fcfft? Nun ja, erst einmal ist &#8222;Gera&#8220; nur eine Buchstabenfolge, die in einer bestimmten Sprache auch eine bestimmte Bedeutung hat. Im Deutschen kommen schon verschiedene Bedeutungen in Betracht, je nachdem, ob man altgermanische oder slawische Ableitungen zu Grunde legt. So gilt h\u00e4ufig f\u00fcr das Germanische: &#8222;Ger&#8220; in Flussnamen also &#8222;gurgelndes Gew\u00e4sser&#8220; oder &#8222;gurgelnder Fluss&#8220;. Wird der Name Gera aus dem Slawischen gedeutet, liegt der Ursprung bei &#8222;gora&#8220; \u2013 Berg. Als Ortsname oder Gew\u00e4ssername gibt es &#8222;Gera&#8220; dreizehn Mal allein in Deutschland! Wenn aber andere Sprachen (arabische oder indische Dialekte usw.) oder nur Lautmalereien die Grundlage f\u00fcr eine Bezeichnung bilden, ist die Umschreibung &#8222;Gera&#8220; mit lateinischen Buchstaben so nicht mehr interpretierbar. Wenn auf der Welt eine Beziehung zur Schreibweise &#8222;Gera&#8220; erw\u00e4hnt wird, wird der Name in die Auflistung aufgenommen (eventuelle historische Ver\u00e4nderung ber\u00fccksichtigt), eine Erw\u00e4hnung nur in anderer Schreibweise wird gelegentlich angef\u00fchrt, aber nicht mitgez\u00e4hlt. Auch Lage und Grenzen der jeweiligen Ortsangaben sind nicht immer genau ermittelbar. Die Zuordnung zu den einzelnen L\u00e4ndern geschieht gr\u00f6\u00dftenteils nach der heutigen Lage, die aber nicht immer mit der politischen Lage zur Zeit der Erw\u00e4hnung \u00fcbereinstimmt. Dazu kommt Literatur, womit sehr oft \u00e4ltere Lexika usw. gemeint sind, aber auch Reisebeschreibungen oder andere geographische Literatur. Hier fehlen dann oft exakte Ortsangaben. &#8222;333&#8220; stellt einen Bearbeitungsstand des Themas dar, unvollst\u00e4ndig und unvollkommen, aber ein Anfang. In seinem unterhaltsamen Vortrag stellt Dieter Bauke seine Nachforschungen und einige Orte, die den Namen Gera in der Welt tragen vor, so unter anderem die &#8222;gera falls&#8220; in Peru, die sogar auf einer Briefmarke abgebildet sind, Gera in Michigan (&#8222;The Best Town in U.S.A.&#8220;, laut einer Ansichtskarte aus den USA) und auch die Geraer H\u00fctte in \u00d6sterreich, die sicher manchem Gerschen bekannt sein d\u00fcrfte.<\/p>\n\n\n\n<p>Der Eintritt ist frei.<\/p>\n\n\n\n<p>TEXT: DIETER BAUKE<\/p>\n","protected":false},"excerpt":{"rendered":"<div class=\"mh-excerpt\"><p>Dieter Bauke h\u00e4lt am Dienstag, den 7. November 2023, ab 17 Uhr in der Geraer Bibliothek am Puschkinplatz einen Vortrag. Der Heimatforscher Dieter Bauke hat recherchiert und gesammelt mit dem Ergebnis, dass Gera in der <a class=\"mh-excerpt-more\" href=\"https:\/\/www.studiogera.de\/001\/2023\/10\/30\/333-mal-gera-in-der-welt\/\" title=\"333-MAL GERA IN DER WELT\">[&#8230;]<\/a><\/p>\n<\/div>","protected":false},"author":2,"featured_media":27803,"comment_status":"open","ping_status":"open","sticky":false,"template":"","format":"standard","meta":{"footnotes":""},"categories":[7],"tags":[],"class_list":{"0":"post-27788","1":"post","2":"type-post","3":"status-publish","4":"format-standard","5":"has-post-thumbnail","7":"category-regionalkunde"},"_links":{"self":[{"href":"https:\/\/www.studiogera.de\/001\/wp-json\/wp\/v2\/posts\/27788","targetHints":{"allow":["GET"]}}],"collection":[{"href":"https:\/\/www.studiogera.de\/001\/wp-json\/wp\/v2\/posts"}],"about":[{"href":"https:\/\/www.studiogera.de\/001\/wp-json\/wp\/v2\/types\/post"}],"author":[{"embeddable":true,"href":"https:\/\/www.studiogera.de\/001\/wp-json\/wp\/v2\/users\/2"}],"replies":[{"embeddable":true,"href":"https:\/\/www.studiogera.de\/001\/wp-json\/wp\/v2\/comments?post=27788"}],"version-history":[{"count":2,"href":"https:\/\/www.studiogera.de\/001\/wp-json\/wp\/v2\/posts\/27788\/revisions"}],"predecessor-version":[{"id":27790,"href":"https:\/\/www.studiogera.de\/001\/wp-json\/wp\/v2\/posts\/27788\/revisions\/27790"}],"wp:featuredmedia":[{"embeddable":true,"href":"https:\/\/www.studiogera.de\/001\/wp-json\/wp\/v2\/media\/27803"}],"wp:attachment":[{"href":"https:\/\/www.studiogera.de\/001\/wp-json\/wp\/v2\/media?parent=27788"}],"wp:term":[{"taxonomy":"category","embeddable":true,"href":"https:\/\/www.studiogera.de\/001\/wp-json\/wp\/v2\/categories?post=27788"},{"taxonomy":"post_tag","embeddable":true,"href":"https:\/\/www.studiogera.de\/001\/wp-json\/wp\/v2\/tags?post=27788"}],"curies":[{"name":"wp","href":"https:\/\/api.w.org\/{rel}","templated":true}]}}