{"id":27791,"date":"2023-10-29T18:57:11","date_gmt":"2023-10-29T17:57:11","guid":{"rendered":"http:\/\/www.studiogera.de\/001\/?p=27791"},"modified":"2023-10-29T18:57:13","modified_gmt":"2023-10-29T17:57:13","slug":"mundart-abend-im-hoehlermuseum","status":"publish","type":"post","link":"https:\/\/www.studiogera.de\/001\/2023\/10\/29\/mundart-abend-im-hoehlermuseum\/","title":{"rendered":"MUNDART-ABEND IM H\u00d6HLERMUSEUM"},"content":{"rendered":"\n<p>Am Donnerstag, den 2. November 2023, haben Interessierte die M\u00f6glichkeit die sch\u00f6nsten H\u00f6hlergeschichten im Geraer Dialekt zu h\u00f6ren. F\u00fcr die um 17 Uhr beginnende Veranstaltung hat Nachtw\u00e4chter und H\u00f6hlerf\u00fchrer Uwe Lehmann die sch\u00f6nsten Texte ausgew\u00e4hlt.<\/p>\n\n\n\n<p>Zu den Verfassern der im 19. und 20. Jahrhundert ver\u00f6ffentlichten Erz\u00e4hlungen und Gedichte z\u00e4hlen Hermann Rudolph, Ernst Paul Kretschmer, Heinrich Uhde und Hermann Luboldt.<\/p>\n\n\n\n<p>Das passende Ambiente f\u00fcr den Mundart-Abend bieten die Historischen H\u00f6hler am Nicolaiberg 3. Wegen begrenzter Teilnehmerzahl wird um Anmeldung unter 0365 8381470 oder \u201e<a href=\"mailto:stadtmuseum@gera.de\">stadtmuseum@gera.de<\/a>\u201d gebeten.<\/p>\n\n\n\n<p>QUELLE: STADTVERWALTUNG<\/p>\n","protected":false},"excerpt":{"rendered":"<div class=\"mh-excerpt\"><p>Am Donnerstag, den 2. November 2023, haben Interessierte die M\u00f6glichkeit die sch\u00f6nsten H\u00f6hlergeschichten im Geraer Dialekt zu h\u00f6ren. F\u00fcr die um 17 Uhr beginnende Veranstaltung hat Nachtw\u00e4chter und H\u00f6hlerf\u00fchrer Uwe Lehmann die sch\u00f6nsten Texte ausgew\u00e4hlt. <a class=\"mh-excerpt-more\" href=\"https:\/\/www.studiogera.de\/001\/2023\/10\/29\/mundart-abend-im-hoehlermuseum\/\" title=\"MUNDART-ABEND IM H\u00d6HLERMUSEUM\">[&#8230;]<\/a><\/p>\n<\/div>","protected":false},"author":2,"featured_media":27792,"comment_status":"open","ping_status":"open","sticky":false,"template":"","format":"standard","meta":{"footnotes":""},"categories":[8],"tags":[],"class_list":{"0":"post-27791","1":"post","2":"type-post","3":"status-publish","4":"format-standard","5":"has-post-thumbnail","7":"category-kultur"},"_links":{"self":[{"href":"https:\/\/www.studiogera.de\/001\/wp-json\/wp\/v2\/posts\/27791","targetHints":{"allow":["GET"]}}],"collection":[{"href":"https:\/\/www.studiogera.de\/001\/wp-json\/wp\/v2\/posts"}],"about":[{"href":"https:\/\/www.studiogera.de\/001\/wp-json\/wp\/v2\/types\/post"}],"author":[{"embeddable":true,"href":"https:\/\/www.studiogera.de\/001\/wp-json\/wp\/v2\/users\/2"}],"replies":[{"embeddable":true,"href":"https:\/\/www.studiogera.de\/001\/wp-json\/wp\/v2\/comments?post=27791"}],"version-history":[{"count":1,"href":"https:\/\/www.studiogera.de\/001\/wp-json\/wp\/v2\/posts\/27791\/revisions"}],"predecessor-version":[{"id":27793,"href":"https:\/\/www.studiogera.de\/001\/wp-json\/wp\/v2\/posts\/27791\/revisions\/27793"}],"wp:featuredmedia":[{"embeddable":true,"href":"https:\/\/www.studiogera.de\/001\/wp-json\/wp\/v2\/media\/27792"}],"wp:attachment":[{"href":"https:\/\/www.studiogera.de\/001\/wp-json\/wp\/v2\/media?parent=27791"}],"wp:term":[{"taxonomy":"category","embeddable":true,"href":"https:\/\/www.studiogera.de\/001\/wp-json\/wp\/v2\/categories?post=27791"},{"taxonomy":"post_tag","embeddable":true,"href":"https:\/\/www.studiogera.de\/001\/wp-json\/wp\/v2\/tags?post=27791"}],"curies":[{"name":"wp","href":"https:\/\/api.w.org\/{rel}","templated":true}]}}