{"id":27804,"date":"2023-10-30T10:46:02","date_gmt":"2023-10-30T09:46:02","guid":{"rendered":"http:\/\/www.studiogera.de\/001\/?p=27804"},"modified":"2023-10-30T10:46:04","modified_gmt":"2023-10-30T09:46:04","slug":"neue-ausstellung-im-stadtmuseum-wird-vorbereitet-2","status":"publish","type":"post","link":"https:\/\/www.studiogera.de\/001\/2023\/10\/30\/neue-ausstellung-im-stadtmuseum-wird-vorbereitet-2\/","title":{"rendered":"NEUE AUSSTELLUNG IM STADTMUSEUM WIRD VORBEREITET"},"content":{"rendered":"\n<p>Das Stadtmuseum ist vom 1. bis zum 30. November 2023 f\u00fcr Besucher geschlossen. Davon nicht betroffen sind das museumsp\u00e4dagogische Programm und Vortragsangebote des Stadtmuseums und die vom Museum betreuten Historischen H\u00f6hler. W\u00e4hrend dieser Zeit wird die neue Sonderausstellung \u201eAchtung Baustelle! \u2013 Geras Zentrum im 20. Jahrhundert\u201d eingerichtet. Diese verdeutlicht mit historischen Pl\u00e4nen und Fotografien, Modellen und Gem\u00e4lden die massiven Umbr\u00fcche, denen das Geraer Stadtbild im 20. Jahrhundert unterworfen war. Die Ausstellung wird ab 9. Dezember 2023 zu sehen sein.<\/p>\n\n\n\n<p>QUELLE: STADTVERWALTUNG<\/p>\n","protected":false},"excerpt":{"rendered":"<div class=\"mh-excerpt\"><p>Das Stadtmuseum ist vom 1. bis zum 30. November 2023 f\u00fcr Besucher geschlossen. Davon nicht betroffen sind das museumsp\u00e4dagogische Programm und Vortragsangebote des Stadtmuseums und die vom Museum betreuten Historischen H\u00f6hler. W\u00e4hrend dieser Zeit wird <a class=\"mh-excerpt-more\" href=\"https:\/\/www.studiogera.de\/001\/2023\/10\/30\/neue-ausstellung-im-stadtmuseum-wird-vorbereitet-2\/\" title=\"NEUE AUSSTELLUNG IM STADTMUSEUM WIRD VORBEREITET\">[&#8230;]<\/a><\/p>\n<\/div>","protected":false},"author":2,"featured_media":27805,"comment_status":"open","ping_status":"open","sticky":false,"template":"","format":"standard","meta":{"footnotes":""},"categories":[8],"tags":[],"class_list":{"0":"post-27804","1":"post","2":"type-post","3":"status-publish","4":"format-standard","5":"has-post-thumbnail","7":"category-kultur"},"_links":{"self":[{"href":"https:\/\/www.studiogera.de\/001\/wp-json\/wp\/v2\/posts\/27804","targetHints":{"allow":["GET"]}}],"collection":[{"href":"https:\/\/www.studiogera.de\/001\/wp-json\/wp\/v2\/posts"}],"about":[{"href":"https:\/\/www.studiogera.de\/001\/wp-json\/wp\/v2\/types\/post"}],"author":[{"embeddable":true,"href":"https:\/\/www.studiogera.de\/001\/wp-json\/wp\/v2\/users\/2"}],"replies":[{"embeddable":true,"href":"https:\/\/www.studiogera.de\/001\/wp-json\/wp\/v2\/comments?post=27804"}],"version-history":[{"count":1,"href":"https:\/\/www.studiogera.de\/001\/wp-json\/wp\/v2\/posts\/27804\/revisions"}],"predecessor-version":[{"id":27806,"href":"https:\/\/www.studiogera.de\/001\/wp-json\/wp\/v2\/posts\/27804\/revisions\/27806"}],"wp:featuredmedia":[{"embeddable":true,"href":"https:\/\/www.studiogera.de\/001\/wp-json\/wp\/v2\/media\/27805"}],"wp:attachment":[{"href":"https:\/\/www.studiogera.de\/001\/wp-json\/wp\/v2\/media?parent=27804"}],"wp:term":[{"taxonomy":"category","embeddable":true,"href":"https:\/\/www.studiogera.de\/001\/wp-json\/wp\/v2\/categories?post=27804"},{"taxonomy":"post_tag","embeddable":true,"href":"https:\/\/www.studiogera.de\/001\/wp-json\/wp\/v2\/tags?post=27804"}],"curies":[{"name":"wp","href":"https:\/\/api.w.org\/{rel}","templated":true}]}}