{"id":27813,"date":"2023-10-31T00:07:07","date_gmt":"2023-10-30T23:07:07","guid":{"rendered":"http:\/\/www.studiogera.de\/001\/?p=27813"},"modified":"2023-10-31T00:07:09","modified_gmt":"2023-10-30T23:07:09","slug":"buecherschrank-an-der-bibliothek-zerstoert","status":"publish","type":"post","link":"https:\/\/www.studiogera.de\/001\/2023\/10\/31\/buecherschrank-an-der-bibliothek-zerstoert\/","title":{"rendered":"B\u00dcCHERSCHRANK AN DER BIBLIOTHEK ZERST\u00d6RT"},"content":{"rendered":"\n<p>Am Sonntagabend, den 29. Oktober, wurde gegen 21.40 Uhr via Notruf der Feuerwehr Rauch vor der Stadtbibliothek am Puschkinplatz mitgeteilt. Auf bislang unbekannte Art und Weise geriet ein B\u00fccherschrank in Brand, wodurch mehrere Exemplare zerst\u00f6rt wurden und der Schrank verru\u00dfte. Angrenzende H\u00e4user wurden nicht gef\u00e4hrdet. Die Polizei ermittelt wegen des Verdachtes der vors\u00e4tzlichen Brandlegung und sucht nach Zeugen, welche Hinweise zur Tat geben k\u00f6nnen. Die Rufnummer lautet 0365 8290, die Bezugsnummer 0282845\/2023.<\/p>\n","protected":false},"excerpt":{"rendered":"<div class=\"mh-excerpt\"><p>Am Sonntagabend, den 29. Oktober, wurde gegen 21.40 Uhr via Notruf der Feuerwehr Rauch vor der Stadtbibliothek am Puschkinplatz mitgeteilt. Auf bislang unbekannte Art und Weise geriet ein B\u00fccherschrank in Brand, wodurch mehrere Exemplare zerst\u00f6rt <a class=\"mh-excerpt-more\" href=\"https:\/\/www.studiogera.de\/001\/2023\/10\/31\/buecherschrank-an-der-bibliothek-zerstoert\/\" title=\"B\u00dcCHERSCHRANK AN DER BIBLIOTHEK ZERST\u00d6RT\">[&#8230;]<\/a><\/p>\n<\/div>","protected":false},"author":2,"featured_media":9362,"comment_status":"open","ping_status":"open","sticky":false,"template":"","format":"standard","meta":{"footnotes":""},"categories":[13],"tags":[],"class_list":{"0":"post-27813","1":"post","2":"type-post","3":"status-publish","4":"format-standard","5":"has-post-thumbnail","7":"category-polizeiberichte"},"_links":{"self":[{"href":"https:\/\/www.studiogera.de\/001\/wp-json\/wp\/v2\/posts\/27813","targetHints":{"allow":["GET"]}}],"collection":[{"href":"https:\/\/www.studiogera.de\/001\/wp-json\/wp\/v2\/posts"}],"about":[{"href":"https:\/\/www.studiogera.de\/001\/wp-json\/wp\/v2\/types\/post"}],"author":[{"embeddable":true,"href":"https:\/\/www.studiogera.de\/001\/wp-json\/wp\/v2\/users\/2"}],"replies":[{"embeddable":true,"href":"https:\/\/www.studiogera.de\/001\/wp-json\/wp\/v2\/comments?post=27813"}],"version-history":[{"count":1,"href":"https:\/\/www.studiogera.de\/001\/wp-json\/wp\/v2\/posts\/27813\/revisions"}],"predecessor-version":[{"id":27814,"href":"https:\/\/www.studiogera.de\/001\/wp-json\/wp\/v2\/posts\/27813\/revisions\/27814"}],"wp:featuredmedia":[{"embeddable":true,"href":"https:\/\/www.studiogera.de\/001\/wp-json\/wp\/v2\/media\/9362"}],"wp:attachment":[{"href":"https:\/\/www.studiogera.de\/001\/wp-json\/wp\/v2\/media?parent=27813"}],"wp:term":[{"taxonomy":"category","embeddable":true,"href":"https:\/\/www.studiogera.de\/001\/wp-json\/wp\/v2\/categories?post=27813"},{"taxonomy":"post_tag","embeddable":true,"href":"https:\/\/www.studiogera.de\/001\/wp-json\/wp\/v2\/tags?post=27813"}],"curies":[{"name":"wp","href":"https:\/\/api.w.org\/{rel}","templated":true}]}}