{"id":27815,"date":"2023-10-31T00:09:24","date_gmt":"2023-10-30T23:09:24","guid":{"rendered":"http:\/\/www.studiogera.de\/001\/?p=27815"},"modified":"2023-10-31T00:09:25","modified_gmt":"2023-10-30T23:09:25","slug":"sachbeschaedigung-mittels-farbe-in-der-wiesestrasse","status":"publish","type":"post","link":"https:\/\/www.studiogera.de\/001\/2023\/10\/31\/sachbeschaedigung-mittels-farbe-in-der-wiesestrasse\/","title":{"rendered":"SACHBESCH\u00c4DIGUNG MITTELS FARBE IN DER WIESESTRASSE"},"content":{"rendered":"\n<p>Am Sonntagmorgen, den 29. Oktober 2023, zeigte der Eigent\u00fcmer eines Motorradladens in der Wiesestra\u00dfe gegen 10.15 Uhr an, dass Unbekannte in der vergangenen Nacht den Eingangsbereich seines Gesch\u00e4ftes mittels lila Farbe beschmiert haben. Insgesamt trugen die T\u00e4ter etwa 30 Quadratmeter Farbe auf, wodurch erheblicher Sachschaden entstand. Zeugen werden gebeten, sich bei der Polizei zu melden. Die Bezugsnummer lautet 0282608\/2023.<\/p>\n","protected":false},"excerpt":{"rendered":"<div class=\"mh-excerpt\"><p>Am Sonntagmorgen, den 29. Oktober 2023, zeigte der Eigent\u00fcmer eines Motorradladens in der Wiesestra\u00dfe gegen 10.15 Uhr an, dass Unbekannte in der vergangenen Nacht den Eingangsbereich seines Gesch\u00e4ftes mittels lila Farbe beschmiert haben. Insgesamt trugen <a class=\"mh-excerpt-more\" href=\"https:\/\/www.studiogera.de\/001\/2023\/10\/31\/sachbeschaedigung-mittels-farbe-in-der-wiesestrasse\/\" title=\"SACHBESCH\u00c4DIGUNG MITTELS FARBE IN DER WIESESTRASSE\">[&#8230;]<\/a><\/p>\n<\/div>","protected":false},"author":2,"featured_media":9350,"comment_status":"open","ping_status":"open","sticky":false,"template":"","format":"standard","meta":{"footnotes":""},"categories":[13],"tags":[],"class_list":{"0":"post-27815","1":"post","2":"type-post","3":"status-publish","4":"format-standard","5":"has-post-thumbnail","7":"category-polizeiberichte"},"_links":{"self":[{"href":"https:\/\/www.studiogera.de\/001\/wp-json\/wp\/v2\/posts\/27815","targetHints":{"allow":["GET"]}}],"collection":[{"href":"https:\/\/www.studiogera.de\/001\/wp-json\/wp\/v2\/posts"}],"about":[{"href":"https:\/\/www.studiogera.de\/001\/wp-json\/wp\/v2\/types\/post"}],"author":[{"embeddable":true,"href":"https:\/\/www.studiogera.de\/001\/wp-json\/wp\/v2\/users\/2"}],"replies":[{"embeddable":true,"href":"https:\/\/www.studiogera.de\/001\/wp-json\/wp\/v2\/comments?post=27815"}],"version-history":[{"count":1,"href":"https:\/\/www.studiogera.de\/001\/wp-json\/wp\/v2\/posts\/27815\/revisions"}],"predecessor-version":[{"id":27816,"href":"https:\/\/www.studiogera.de\/001\/wp-json\/wp\/v2\/posts\/27815\/revisions\/27816"}],"wp:featuredmedia":[{"embeddable":true,"href":"https:\/\/www.studiogera.de\/001\/wp-json\/wp\/v2\/media\/9350"}],"wp:attachment":[{"href":"https:\/\/www.studiogera.de\/001\/wp-json\/wp\/v2\/media?parent=27815"}],"wp:term":[{"taxonomy":"category","embeddable":true,"href":"https:\/\/www.studiogera.de\/001\/wp-json\/wp\/v2\/categories?post=27815"},{"taxonomy":"post_tag","embeddable":true,"href":"https:\/\/www.studiogera.de\/001\/wp-json\/wp\/v2\/tags?post=27815"}],"curies":[{"name":"wp","href":"https:\/\/api.w.org\/{rel}","templated":true}]}}