{"id":27819,"date":"2023-10-31T16:11:33","date_gmt":"2023-10-31T15:11:33","guid":{"rendered":"http:\/\/www.studiogera.de\/001\/?p=27819"},"modified":"2023-10-31T16:11:34","modified_gmt":"2023-10-31T15:11:34","slug":"sa-parole-bei-demonstration-am-montag","status":"publish","type":"post","link":"https:\/\/www.studiogera.de\/001\/2023\/10\/31\/sa-parole-bei-demonstration-am-montag\/","title":{"rendered":"SA-PAROLE BEI DEMONSTRATION AM MONTAG"},"content":{"rendered":"\n<p>Im Rahmen der w\u00f6chentlich stattfindenden Montagsdemonstration in Gera kam es zu einer strafrechtlich relevanten \u00c4u\u00dferung des Versammlungsanmelders. Im Verlauf eines Redebeitrages \u00e4u\u00dferte dieser eine nationalsozialistische Losung gegen\u00fcber den etwa 150 anwesenden Versammlungsteilnehmern. Gegen den Versammlungsanmelder und zeitgleich Redner wurde nun ein Strafverfahren eingeleitet und in Folge dessen weiter ermittelt.<\/p>\n","protected":false},"excerpt":{"rendered":"<div class=\"mh-excerpt\"><p>Im Rahmen der w\u00f6chentlich stattfindenden Montagsdemonstration in Gera kam es zu einer strafrechtlich relevanten \u00c4u\u00dferung des Versammlungsanmelders. Im Verlauf eines Redebeitrages \u00e4u\u00dferte dieser eine nationalsozialistische Losung gegen\u00fcber den etwa 150 anwesenden Versammlungsteilnehmern. Gegen den Versammlungsanmelder <a class=\"mh-excerpt-more\" href=\"https:\/\/www.studiogera.de\/001\/2023\/10\/31\/sa-parole-bei-demonstration-am-montag\/\" title=\"SA-PAROLE BEI DEMONSTRATION AM MONTAG\">[&#8230;]<\/a><\/p>\n<\/div>","protected":false},"author":3,"featured_media":9353,"comment_status":"open","ping_status":"open","sticky":false,"template":"","format":"standard","meta":{"footnotes":""},"categories":[13],"tags":[],"class_list":{"0":"post-27819","1":"post","2":"type-post","3":"status-publish","4":"format-standard","5":"has-post-thumbnail","7":"category-polizeiberichte"},"_links":{"self":[{"href":"https:\/\/www.studiogera.de\/001\/wp-json\/wp\/v2\/posts\/27819","targetHints":{"allow":["GET"]}}],"collection":[{"href":"https:\/\/www.studiogera.de\/001\/wp-json\/wp\/v2\/posts"}],"about":[{"href":"https:\/\/www.studiogera.de\/001\/wp-json\/wp\/v2\/types\/post"}],"author":[{"embeddable":true,"href":"https:\/\/www.studiogera.de\/001\/wp-json\/wp\/v2\/users\/3"}],"replies":[{"embeddable":true,"href":"https:\/\/www.studiogera.de\/001\/wp-json\/wp\/v2\/comments?post=27819"}],"version-history":[{"count":1,"href":"https:\/\/www.studiogera.de\/001\/wp-json\/wp\/v2\/posts\/27819\/revisions"}],"predecessor-version":[{"id":27820,"href":"https:\/\/www.studiogera.de\/001\/wp-json\/wp\/v2\/posts\/27819\/revisions\/27820"}],"wp:featuredmedia":[{"embeddable":true,"href":"https:\/\/www.studiogera.de\/001\/wp-json\/wp\/v2\/media\/9353"}],"wp:attachment":[{"href":"https:\/\/www.studiogera.de\/001\/wp-json\/wp\/v2\/media?parent=27819"}],"wp:term":[{"taxonomy":"category","embeddable":true,"href":"https:\/\/www.studiogera.de\/001\/wp-json\/wp\/v2\/categories?post=27819"},{"taxonomy":"post_tag","embeddable":true,"href":"https:\/\/www.studiogera.de\/001\/wp-json\/wp\/v2\/tags?post=27819"}],"curies":[{"name":"wp","href":"https:\/\/api.w.org\/{rel}","templated":true}]}}