{"id":27821,"date":"2023-11-01T11:33:34","date_gmt":"2023-11-01T10:33:34","guid":{"rendered":"http:\/\/www.studiogera.de\/001\/?p=27821"},"modified":"2023-11-01T11:33:39","modified_gmt":"2023-11-01T10:33:39","slug":"wie-koennen-konflikte-friedlich-beigelegt-werden","status":"publish","type":"post","link":"https:\/\/www.studiogera.de\/001\/2023\/11\/01\/wie-koennen-konflikte-friedlich-beigelegt-werden\/","title":{"rendered":"WIE K\u00d6NNEN KONFLIKTE FRIEDLICH BEIGELEGT WERDEN?"},"content":{"rendered":"\n<p>Vielerorts finden dieser Tage Demonstrationen mit Bezug zum Nahen Osten statt, wobei zunehmend die Gefahr einer Eskalation besteht, wenn die tiefsitzenden Aversionen auch hierzulande immer st\u00e4rker ausgelebt werden. Gleichzeitig denken einige Menschen dar\u00fcber nach, ob und wie die Konfliktspirale durchbrochen werden kann. Die gegenseitigen Abgrenzungen beginnen einerseits bereits mit der Religion. Andererseits enth\u00e4lt diese aber auch Aspekte, welche es erm\u00f6glichen k\u00f6nnen, Feindseligkeiten zu \u00fcberwinden.<\/p>\n\n\n\n<p>In Nordrhein-Westfalen setzten Islamverb\u00e4nde und die j\u00fcdische Gemeinde ein gemeinsames Zeichen gegen Hass und Gewalt. Vertreter von vier muslimischen Verb\u00e4nden besuchten am 23. Oktober 2023 die K\u00f6lner Synagoge. Dann, am 27. Oktober, folgte der Gegenbesuch. Der Vorstand der Synagogen-Gemeinde kam nach Bochum-Dahlhausen in die Sultan Ahmet-Moschee. Dar\u00fcber berichtete unter anderem das ZDF.<\/p>\n\n\n\n<p><a href=\"https:\/\/www.zdf.de\/nachrichten\/politik\/nrw-juden-moslems-moschee-besuch-100.html\">https:\/\/www.zdf.de\/nachrichten\/politik\/nrw-juden-moslems-moschee-besuch-100.html<\/a><\/p>\n\n\n\n<p>Begegnungen dieser Art k\u00f6nnen durchaus eine Signalwirkung haben, wenn sie \u00f6fter stattfinden und mehr Menschen davon erfahren. Fernab des Konfliktzentrums sind Zusammenk\u00fcnfte in den Bereichen Religion und Kultur eher m\u00f6glich als mittendrin, wodurch gelingen k\u00f6nnte, was vorher undenkbar schien: Andere sehen, dass ein friedliches Zusammenleben positive Auswirkungen auf alle Bereiche des Lebens hat und werden inspiriert, es selbst auch zu versuchen.<\/p>\n","protected":false},"excerpt":{"rendered":"<div class=\"mh-excerpt\"><p>Vielerorts finden dieser Tage Demonstrationen mit Bezug zum Nahen Osten statt, wobei zunehmend die Gefahr einer Eskalation besteht, wenn die tiefsitzenden Aversionen auch hierzulande immer st\u00e4rker ausgelebt werden. Gleichzeitig denken einige Menschen dar\u00fcber nach, ob <a class=\"mh-excerpt-more\" href=\"https:\/\/www.studiogera.de\/001\/2023\/11\/01\/wie-koennen-konflikte-friedlich-beigelegt-werden\/\" title=\"WIE K\u00d6NNEN KONFLIKTE FRIEDLICH BEIGELEGT WERDEN?\">[&#8230;]<\/a><\/p>\n<\/div>","protected":false},"author":2,"featured_media":27826,"comment_status":"open","ping_status":"open","sticky":false,"template":"","format":"standard","meta":{"footnotes":""},"categories":[6],"tags":[],"class_list":{"0":"post-27821","1":"post","2":"type-post","3":"status-publish","4":"format-standard","5":"has-post-thumbnail","7":"category-gesellschaft"},"_links":{"self":[{"href":"https:\/\/www.studiogera.de\/001\/wp-json\/wp\/v2\/posts\/27821","targetHints":{"allow":["GET"]}}],"collection":[{"href":"https:\/\/www.studiogera.de\/001\/wp-json\/wp\/v2\/posts"}],"about":[{"href":"https:\/\/www.studiogera.de\/001\/wp-json\/wp\/v2\/types\/post"}],"author":[{"embeddable":true,"href":"https:\/\/www.studiogera.de\/001\/wp-json\/wp\/v2\/users\/2"}],"replies":[{"embeddable":true,"href":"https:\/\/www.studiogera.de\/001\/wp-json\/wp\/v2\/comments?post=27821"}],"version-history":[{"count":5,"href":"https:\/\/www.studiogera.de\/001\/wp-json\/wp\/v2\/posts\/27821\/revisions"}],"predecessor-version":[{"id":27827,"href":"https:\/\/www.studiogera.de\/001\/wp-json\/wp\/v2\/posts\/27821\/revisions\/27827"}],"wp:featuredmedia":[{"embeddable":true,"href":"https:\/\/www.studiogera.de\/001\/wp-json\/wp\/v2\/media\/27826"}],"wp:attachment":[{"href":"https:\/\/www.studiogera.de\/001\/wp-json\/wp\/v2\/media?parent=27821"}],"wp:term":[{"taxonomy":"category","embeddable":true,"href":"https:\/\/www.studiogera.de\/001\/wp-json\/wp\/v2\/categories?post=27821"},{"taxonomy":"post_tag","embeddable":true,"href":"https:\/\/www.studiogera.de\/001\/wp-json\/wp\/v2\/tags?post=27821"}],"curies":[{"name":"wp","href":"https:\/\/api.w.org\/{rel}","templated":true}]}}