{"id":27894,"date":"2023-11-05T01:08:38","date_gmt":"2023-11-05T00:08:38","guid":{"rendered":"http:\/\/www.studiogera.de\/001\/?p=27894"},"modified":"2023-11-05T01:08:41","modified_gmt":"2023-11-05T00:08:41","slug":"hinweis-zur-linie-18-des-gvb","status":"publish","type":"post","link":"https:\/\/www.studiogera.de\/001\/2023\/11\/05\/hinweis-zur-linie-18-des-gvb\/","title":{"rendered":"HINWEIS ZUR LINIE 18 DES GVB"},"content":{"rendered":"\n<p>Ab Montag, den 6. November 2023, \u00e4ndert sich der Baustellenfahrplan der Buslinie 18.\u00a0Die erste Fahrt nach Kauern sowie die 5-Uhr-Fahrt in Richtung Kleinfalke verkehren wieder zwei Minuten sp\u00e4ter. Die nachfolgenden Fahrten ab Kleinfalke und Kauern verkehren wieder 14 Minuten sp\u00e4ter. Ab 6.45 Uhr verkehren alle Fahrten unver\u00e4ndert. Die Fahrt 6.38 Uhr ab Gro\u00dffalka verkehrt nur bis Kleinfalke. Dort muss wieder in den Bus in Richtung Kauern umgestiegen werden. Es gilt wieder der Fahrplan wie vor den Herbstfeien.<\/p>\n\n\n\n<p>QUELLE: GVB<\/p>\n","protected":false},"excerpt":{"rendered":"<div class=\"mh-excerpt\"><p>Ab Montag, den 6. November 2023, \u00e4ndert sich der Baustellenfahrplan der Buslinie 18.\u00a0Die erste Fahrt nach Kauern sowie die 5-Uhr-Fahrt in Richtung Kleinfalke verkehren wieder zwei Minuten sp\u00e4ter. Die nachfolgenden Fahrten ab Kleinfalke und Kauern <a class=\"mh-excerpt-more\" href=\"https:\/\/www.studiogera.de\/001\/2023\/11\/05\/hinweis-zur-linie-18-des-gvb\/\" title=\"HINWEIS ZUR LINIE 18 DES GVB\">[&#8230;]<\/a><\/p>\n<\/div>","protected":false},"author":3,"featured_media":22607,"comment_status":"open","ping_status":"open","sticky":false,"template":"","format":"standard","meta":{"footnotes":""},"categories":[16],"tags":[],"class_list":{"0":"post-27894","1":"post","2":"type-post","3":"status-publish","4":"format-standard","5":"has-post-thumbnail","7":"category-kurzmitteilungen"},"_links":{"self":[{"href":"https:\/\/www.studiogera.de\/001\/wp-json\/wp\/v2\/posts\/27894","targetHints":{"allow":["GET"]}}],"collection":[{"href":"https:\/\/www.studiogera.de\/001\/wp-json\/wp\/v2\/posts"}],"about":[{"href":"https:\/\/www.studiogera.de\/001\/wp-json\/wp\/v2\/types\/post"}],"author":[{"embeddable":true,"href":"https:\/\/www.studiogera.de\/001\/wp-json\/wp\/v2\/users\/3"}],"replies":[{"embeddable":true,"href":"https:\/\/www.studiogera.de\/001\/wp-json\/wp\/v2\/comments?post=27894"}],"version-history":[{"count":1,"href":"https:\/\/www.studiogera.de\/001\/wp-json\/wp\/v2\/posts\/27894\/revisions"}],"predecessor-version":[{"id":27895,"href":"https:\/\/www.studiogera.de\/001\/wp-json\/wp\/v2\/posts\/27894\/revisions\/27895"}],"wp:featuredmedia":[{"embeddable":true,"href":"https:\/\/www.studiogera.de\/001\/wp-json\/wp\/v2\/media\/22607"}],"wp:attachment":[{"href":"https:\/\/www.studiogera.de\/001\/wp-json\/wp\/v2\/media?parent=27894"}],"wp:term":[{"taxonomy":"category","embeddable":true,"href":"https:\/\/www.studiogera.de\/001\/wp-json\/wp\/v2\/categories?post=27894"},{"taxonomy":"post_tag","embeddable":true,"href":"https:\/\/www.studiogera.de\/001\/wp-json\/wp\/v2\/tags?post=27894"}],"curies":[{"name":"wp","href":"https:\/\/api.w.org\/{rel}","templated":true}]}}