{"id":27974,"date":"2023-11-09T11:58:13","date_gmt":"2023-11-09T10:58:13","guid":{"rendered":"http:\/\/www.studiogera.de\/001\/?p=27974"},"modified":"2023-11-09T11:58:15","modified_gmt":"2023-11-09T10:58:15","slug":"gescheiterter-einbruch-in-der-prof-simmel-strasse","status":"publish","type":"post","link":"https:\/\/www.studiogera.de\/001\/2023\/11\/09\/gescheiterter-einbruch-in-der-prof-simmel-strasse\/","title":{"rendered":"GESCHEITERTER EINBRUCH IN DER PROF.-SIMMEL-STRASSE"},"content":{"rendered":"\n<p>Unbekannte scheiterten beim gewaltsamen Eindringen in eine Tierarztpraxis in der Prof.-Simmel-Stra\u00dfe im Zeitraum von Dienstag, den 7. November, 15 Uhr, bis Mittwoch, den 8. November 2023, 13 Uhr. Der Eigent\u00fcmer beklagt nun eine hohen Sachschaden an der Eingangst\u00fcr zur Praxis. Die Polizei hat die Ermittlungen unter der Bezugsnummer 0291948\/2023 aufgenommen und sucht nach Zeugen. Diese melden sich bitte unter der Rufnummer 0365 8290.<\/p>\n","protected":false},"excerpt":{"rendered":"<div class=\"mh-excerpt\"><p>Unbekannte scheiterten beim gewaltsamen Eindringen in eine Tierarztpraxis in der Prof.-Simmel-Stra\u00dfe im Zeitraum von Dienstag, den 7. November, 15 Uhr, bis Mittwoch, den 8. November 2023, 13 Uhr. Der Eigent\u00fcmer beklagt nun eine hohen Sachschaden <a class=\"mh-excerpt-more\" href=\"https:\/\/www.studiogera.de\/001\/2023\/11\/09\/gescheiterter-einbruch-in-der-prof-simmel-strasse\/\" title=\"GESCHEITERTER EINBRUCH IN DER PROF.-SIMMEL-STRASSE\">[&#8230;]<\/a><\/p>\n<\/div>","protected":false},"author":2,"featured_media":9352,"comment_status":"open","ping_status":"open","sticky":false,"template":"","format":"standard","meta":{"footnotes":""},"categories":[13],"tags":[],"class_list":{"0":"post-27974","1":"post","2":"type-post","3":"status-publish","4":"format-standard","5":"has-post-thumbnail","7":"category-polizeiberichte"},"_links":{"self":[{"href":"https:\/\/www.studiogera.de\/001\/wp-json\/wp\/v2\/posts\/27974","targetHints":{"allow":["GET"]}}],"collection":[{"href":"https:\/\/www.studiogera.de\/001\/wp-json\/wp\/v2\/posts"}],"about":[{"href":"https:\/\/www.studiogera.de\/001\/wp-json\/wp\/v2\/types\/post"}],"author":[{"embeddable":true,"href":"https:\/\/www.studiogera.de\/001\/wp-json\/wp\/v2\/users\/2"}],"replies":[{"embeddable":true,"href":"https:\/\/www.studiogera.de\/001\/wp-json\/wp\/v2\/comments?post=27974"}],"version-history":[{"count":1,"href":"https:\/\/www.studiogera.de\/001\/wp-json\/wp\/v2\/posts\/27974\/revisions"}],"predecessor-version":[{"id":27975,"href":"https:\/\/www.studiogera.de\/001\/wp-json\/wp\/v2\/posts\/27974\/revisions\/27975"}],"wp:featuredmedia":[{"embeddable":true,"href":"https:\/\/www.studiogera.de\/001\/wp-json\/wp\/v2\/media\/9352"}],"wp:attachment":[{"href":"https:\/\/www.studiogera.de\/001\/wp-json\/wp\/v2\/media?parent=27974"}],"wp:term":[{"taxonomy":"category","embeddable":true,"href":"https:\/\/www.studiogera.de\/001\/wp-json\/wp\/v2\/categories?post=27974"},{"taxonomy":"post_tag","embeddable":true,"href":"https:\/\/www.studiogera.de\/001\/wp-json\/wp\/v2\/tags?post=27974"}],"curies":[{"name":"wp","href":"https:\/\/api.w.org\/{rel}","templated":true}]}}