{"id":27978,"date":"2023-11-09T12:03:41","date_gmt":"2023-11-09T11:03:41","guid":{"rendered":"http:\/\/www.studiogera.de\/001\/?p=27978"},"modified":"2023-11-09T12:03:43","modified_gmt":"2023-11-09T11:03:43","slug":"diebstahl-aus-einem-keller-in-bieblach","status":"publish","type":"post","link":"https:\/\/www.studiogera.de\/001\/2023\/11\/09\/diebstahl-aus-einem-keller-in-bieblach\/","title":{"rendered":"DIEBSTAHL AUS EINEM KELLER IN BIEBLACH"},"content":{"rendered":"\n<p>Zwischen dem 4. und 8. November drangen Unbekannte in die Kellerr\u00e4ume eines Mehrfamilienhauses in der Erich-M\u00fchsam-Stra\u00dfe ein und entwendeten ein Mountainbike der Marke Cube sowie diverses Fahrradzubeh\u00f6r. Durch das Aufbrechen mehrere Kellerr\u00e4ume entstand au\u00dferdem Sachschaden. Die Polizei  hat die Ermittlungen aufgenommen und sucht nach Zeugen. Anzugeben ist die Bezugsnummer 0291380\/2023.<\/p>\n","protected":false},"excerpt":{"rendered":"<div class=\"mh-excerpt\"><p>Zwischen dem 4. und 8. November drangen Unbekannte in die Kellerr\u00e4ume eines Mehrfamilienhauses in der Erich-M\u00fchsam-Stra\u00dfe ein und entwendeten ein Mountainbike der Marke Cube sowie diverses Fahrradzubeh\u00f6r. Durch das Aufbrechen mehrere Kellerr\u00e4ume entstand au\u00dferdem Sachschaden. <a class=\"mh-excerpt-more\" href=\"https:\/\/www.studiogera.de\/001\/2023\/11\/09\/diebstahl-aus-einem-keller-in-bieblach\/\" title=\"DIEBSTAHL AUS EINEM KELLER IN BIEBLACH\">[&#8230;]<\/a><\/p>\n<\/div>","protected":false},"author":2,"featured_media":9353,"comment_status":"open","ping_status":"open","sticky":false,"template":"","format":"standard","meta":{"footnotes":""},"categories":[13],"tags":[],"class_list":{"0":"post-27978","1":"post","2":"type-post","3":"status-publish","4":"format-standard","5":"has-post-thumbnail","7":"category-polizeiberichte"},"_links":{"self":[{"href":"https:\/\/www.studiogera.de\/001\/wp-json\/wp\/v2\/posts\/27978","targetHints":{"allow":["GET"]}}],"collection":[{"href":"https:\/\/www.studiogera.de\/001\/wp-json\/wp\/v2\/posts"}],"about":[{"href":"https:\/\/www.studiogera.de\/001\/wp-json\/wp\/v2\/types\/post"}],"author":[{"embeddable":true,"href":"https:\/\/www.studiogera.de\/001\/wp-json\/wp\/v2\/users\/2"}],"replies":[{"embeddable":true,"href":"https:\/\/www.studiogera.de\/001\/wp-json\/wp\/v2\/comments?post=27978"}],"version-history":[{"count":1,"href":"https:\/\/www.studiogera.de\/001\/wp-json\/wp\/v2\/posts\/27978\/revisions"}],"predecessor-version":[{"id":27979,"href":"https:\/\/www.studiogera.de\/001\/wp-json\/wp\/v2\/posts\/27978\/revisions\/27979"}],"wp:featuredmedia":[{"embeddable":true,"href":"https:\/\/www.studiogera.de\/001\/wp-json\/wp\/v2\/media\/9353"}],"wp:attachment":[{"href":"https:\/\/www.studiogera.de\/001\/wp-json\/wp\/v2\/media?parent=27978"}],"wp:term":[{"taxonomy":"category","embeddable":true,"href":"https:\/\/www.studiogera.de\/001\/wp-json\/wp\/v2\/categories?post=27978"},{"taxonomy":"post_tag","embeddable":true,"href":"https:\/\/www.studiogera.de\/001\/wp-json\/wp\/v2\/tags?post=27978"}],"curies":[{"name":"wp","href":"https:\/\/api.w.org\/{rel}","templated":true}]}}