{"id":28054,"date":"2023-11-13T20:23:03","date_gmt":"2023-11-13T19:23:03","guid":{"rendered":"http:\/\/www.studiogera.de\/001\/?p=28054"},"modified":"2023-11-13T20:23:05","modified_gmt":"2023-11-13T19:23:05","slug":"adventskonzert-mit-angelika-milster","status":"publish","type":"post","link":"https:\/\/www.studiogera.de\/001\/2023\/11\/13\/adventskonzert-mit-angelika-milster\/","title":{"rendered":"ADVENTSKONZERT MIT ANGELIKA MILSTER"},"content":{"rendered":"\n<p>Seit sie in der deutschsprachigen Erstauff\u00fchrung von Sir Andrew Lloyd Webbers Welthit \u201eCats\u201c die Grizabella verk\u00f6rperte, gilt Angelika Milster als Ikone des Musicals. Mit dem Ohrwurm \u201eErinnerung\u201c wurde sie schlagartig international bekannt. Seither ist sie in unz\u00e4hligen Fernsehshows, bei Konzerten, in Talkshows, in Filmen und auf der Theaterb\u00fchne zu sehen. Ihre k\u00fcnstlerische Wandlungsf\u00e4higkeit beeindruckt und begeistert dabei seit \u00fcber drei Jahrzehnten Publikum und Kritiker gleicherma\u00dfen.<\/p>\n\n\n\n<p>Jetzt ist die K\u00fcnstlerin am Samstag, den 2. Dezember 2023, um 19.30 Uhr mit einem exklusiven Adventskonzert namens \u201eWintermomente\u201c zu Gast im Theaterzelt Altenburg. Das Crossover-Programm \u201eWintermomente\u201c kombiniert geschickt verschiedene Musikgenres. Die Bandbreite reicht von Klassischer Musik, \u00fcber die Tenorarie, dem Chanson bis zum Liebeslied. Hinzu kommen Musicalsongs, wie \u201eWie soll ich ihn nur lieben\u201c oder \u201eAus der Ferne\u201c. Auch die Songs \u201eDie Rose\u201c und \u201eErinnerung\u201c, die zu einem Markenzeichen von Angelika Milster geworden sind, d\u00fcrfen nat\u00fcrlich nicht fehlen.<\/p>\n\n\n\n<p>Eintrittskarten sind an den Theaterkassen sowie \u00fcber die Webseite des Theaters erh\u00e4ltlich. Diese sind unter der Rufnummer 0365 8279105 bzw. 03447 585160 sowie \u00fcber \u201ehttps:\/\/theater-altenburg-gera.de\/\u201d erreichbar.<\/p>\n\n\n\n<p>QUELLE: THEATER ALTENBURG GERA GGMBH<\/p>\n","protected":false},"excerpt":{"rendered":"<div class=\"mh-excerpt\"><p>Seit sie in der deutschsprachigen Erstauff\u00fchrung von Sir Andrew Lloyd Webbers Welthit \u201eCats\u201c die Grizabella verk\u00f6rperte, gilt Angelika Milster als Ikone des Musicals. Mit dem Ohrwurm \u201eErinnerung\u201c wurde sie schlagartig international bekannt. Seither ist sie <a class=\"mh-excerpt-more\" href=\"https:\/\/www.studiogera.de\/001\/2023\/11\/13\/adventskonzert-mit-angelika-milster\/\" title=\"ADVENTSKONZERT MIT ANGELIKA MILSTER\">[&#8230;]<\/a><\/p>\n<\/div>","protected":false},"author":2,"featured_media":28055,"comment_status":"open","ping_status":"open","sticky":false,"template":"","format":"standard","meta":{"footnotes":""},"categories":[15],"tags":[],"class_list":{"0":"post-28054","1":"post","2":"type-post","3":"status-publish","4":"format-standard","5":"has-post-thumbnail","7":"category-theater"},"_links":{"self":[{"href":"https:\/\/www.studiogera.de\/001\/wp-json\/wp\/v2\/posts\/28054","targetHints":{"allow":["GET"]}}],"collection":[{"href":"https:\/\/www.studiogera.de\/001\/wp-json\/wp\/v2\/posts"}],"about":[{"href":"https:\/\/www.studiogera.de\/001\/wp-json\/wp\/v2\/types\/post"}],"author":[{"embeddable":true,"href":"https:\/\/www.studiogera.de\/001\/wp-json\/wp\/v2\/users\/2"}],"replies":[{"embeddable":true,"href":"https:\/\/www.studiogera.de\/001\/wp-json\/wp\/v2\/comments?post=28054"}],"version-history":[{"count":1,"href":"https:\/\/www.studiogera.de\/001\/wp-json\/wp\/v2\/posts\/28054\/revisions"}],"predecessor-version":[{"id":28056,"href":"https:\/\/www.studiogera.de\/001\/wp-json\/wp\/v2\/posts\/28054\/revisions\/28056"}],"wp:featuredmedia":[{"embeddable":true,"href":"https:\/\/www.studiogera.de\/001\/wp-json\/wp\/v2\/media\/28055"}],"wp:attachment":[{"href":"https:\/\/www.studiogera.de\/001\/wp-json\/wp\/v2\/media?parent=28054"}],"wp:term":[{"taxonomy":"category","embeddable":true,"href":"https:\/\/www.studiogera.de\/001\/wp-json\/wp\/v2\/categories?post=28054"},{"taxonomy":"post_tag","embeddable":true,"href":"https:\/\/www.studiogera.de\/001\/wp-json\/wp\/v2\/tags?post=28054"}],"curies":[{"name":"wp","href":"https:\/\/api.w.org\/{rel}","templated":true}]}}