{"id":28138,"date":"2023-11-16T10:24:19","date_gmt":"2023-11-16T09:24:19","guid":{"rendered":"http:\/\/www.studiogera.de\/001\/?p=28138"},"modified":"2023-11-16T10:24:20","modified_gmt":"2023-11-16T09:24:20","slug":"vortrag-ueber-typische-fehler-bei-der-nebenkostenabrechnung","status":"publish","type":"post","link":"https:\/\/www.studiogera.de\/001\/2023\/11\/16\/vortrag-ueber-typische-fehler-bei-der-nebenkostenabrechnung\/","title":{"rendered":"VORTRAG \u00dcBER TYPISCHE FEHLER BEI DER NEBENKOSTENABRECHNUNG"},"content":{"rendered":"\n<p>Am 21. November 2023, 18 Uhr, findet in der Geraer Volkshochschule, Talstra\u00dfe 3, ein Vortrag zum Thema \u201eTypische Fehler bei der Nebenkostenabrechnung\u201c statt. Fachkundig referiert Rechtsanwalt Bj\u00f6rn Pfob \u00fcber die richtige Erstellung und Pr\u00fcfung von Nebenkostenabrechnungen. Der Vortrag richtet sich an Mieter sowie Vermieter in gleicher Weise. Eine Anmeldung auf \u201ewww.volkshochschule-gera.de\u201c oder telefonisch unter der Rufnummer 0365 5525930 ist unbedingt erforderlich.<\/p>\n","protected":false},"excerpt":{"rendered":"<div class=\"mh-excerpt\"><p>Am 21. November 2023, 18 Uhr, findet in der Geraer Volkshochschule, Talstra\u00dfe 3, ein Vortrag zum Thema \u201eTypische Fehler bei der Nebenkostenabrechnung\u201c statt. Fachkundig referiert Rechtsanwalt Bj\u00f6rn Pfob \u00fcber die richtige Erstellung und Pr\u00fcfung von <a class=\"mh-excerpt-more\" href=\"https:\/\/www.studiogera.de\/001\/2023\/11\/16\/vortrag-ueber-typische-fehler-bei-der-nebenkostenabrechnung\/\" title=\"VORTRAG \u00dcBER TYPISCHE FEHLER BEI DER NEBENKOSTENABRECHNUNG\">[&#8230;]<\/a><\/p>\n<\/div>","protected":false},"author":2,"featured_media":22640,"comment_status":"open","ping_status":"open","sticky":false,"template":"","format":"standard","meta":{"footnotes":""},"categories":[16],"tags":[],"class_list":{"0":"post-28138","1":"post","2":"type-post","3":"status-publish","4":"format-standard","5":"has-post-thumbnail","7":"category-kurzmitteilungen"},"_links":{"self":[{"href":"https:\/\/www.studiogera.de\/001\/wp-json\/wp\/v2\/posts\/28138","targetHints":{"allow":["GET"]}}],"collection":[{"href":"https:\/\/www.studiogera.de\/001\/wp-json\/wp\/v2\/posts"}],"about":[{"href":"https:\/\/www.studiogera.de\/001\/wp-json\/wp\/v2\/types\/post"}],"author":[{"embeddable":true,"href":"https:\/\/www.studiogera.de\/001\/wp-json\/wp\/v2\/users\/2"}],"replies":[{"embeddable":true,"href":"https:\/\/www.studiogera.de\/001\/wp-json\/wp\/v2\/comments?post=28138"}],"version-history":[{"count":1,"href":"https:\/\/www.studiogera.de\/001\/wp-json\/wp\/v2\/posts\/28138\/revisions"}],"predecessor-version":[{"id":28139,"href":"https:\/\/www.studiogera.de\/001\/wp-json\/wp\/v2\/posts\/28138\/revisions\/28139"}],"wp:featuredmedia":[{"embeddable":true,"href":"https:\/\/www.studiogera.de\/001\/wp-json\/wp\/v2\/media\/22640"}],"wp:attachment":[{"href":"https:\/\/www.studiogera.de\/001\/wp-json\/wp\/v2\/media?parent=28138"}],"wp:term":[{"taxonomy":"category","embeddable":true,"href":"https:\/\/www.studiogera.de\/001\/wp-json\/wp\/v2\/categories?post=28138"},{"taxonomy":"post_tag","embeddable":true,"href":"https:\/\/www.studiogera.de\/001\/wp-json\/wp\/v2\/tags?post=28138"}],"curies":[{"name":"wp","href":"https:\/\/api.w.org\/{rel}","templated":true}]}}