{"id":28143,"date":"2023-11-16T10:53:34","date_gmt":"2023-11-16T09:53:34","guid":{"rendered":"http:\/\/www.studiogera.de\/001\/?p=28143"},"modified":"2023-11-16T10:53:36","modified_gmt":"2023-11-16T09:53:36","slug":"akquise-der-deutschen-telekom-in-gera-endet-am-30-november-2023","status":"publish","type":"post","link":"https:\/\/www.studiogera.de\/001\/2023\/11\/16\/akquise-der-deutschen-telekom-in-gera-endet-am-30-november-2023\/","title":{"rendered":"AKQUISE DER DEUTSCHEN TELEKOM IN GERA ENDET AM 30. NOVEMBER 2023"},"content":{"rendered":"\n<p>Ein schneller Internetanschluss ist grundlegender Bestandteil des t\u00e4glichen Lebens, digitalen Lernens und modernen Arbeitens. Daher arbeitet die Stadt Gera gemeinsam mit der Telekom daran, den Breitbandausbau in unterversorgten Gebieten weiter voranzutreiben.<\/p>\n\n\n\n<p>Im Rahmen eines F\u00f6rderprogramms von Bund und L\u00e4ndern haben Hausbesitzer im Ausbaugebiet noch bis zum 30. November 2023 die M\u00f6glichkeit, einen kostenfreien Glasfaser-Hausanschluss zu beantragen.<\/p>\n\n\n\n<p>Die Deutsche Telekom hat dar\u00fcber informiert, dass dann die Vorvermarktungsphase endet. Wenn die Frist vers\u00e4umt wird, bedeutet dies, dass auch Adressen im Ausbaugebiet nicht mehr kostenfrei angeschlossen werden k\u00f6nnen, sondern sich der Preis f\u00fcr den Hausanschluss auf bis zu 800 Euro belaufen kann.<\/p>\n\n\n\n<p>Betroffen sind insbesondere die Ortsteile Thr\u00e4nitz, Wei\u00dfig, D\u00fcrreneberdorf\/Langengrobsdorf, sowie die Ortslagen Lessen, Rusitz, Kaimberg, Poris-Lengefeld, Lietzsch, Otticha und Niebra. Aber auch in anderen Ortslagen gibt es Teilgebiete. Die Telekom wird an Adressen im f\u00f6rderf\u00e4higen Gebiet nochmal ein Erinnerungsschreiben versenden.<\/p>\n\n\n\n<p>Die Stadtverwaltung empfiehlt die Chance auf einen kostenlosen Glasfaseranschluss zu nutzen und bittet alle betroffenen Grundst\u00fcckseigent\u00fcmer, sofern noch nicht geschehen, den erforderlichen Antrag f\u00fcr einen Hausanschluss bei der Telekom einzureichen.<\/p>\n\n\n\n<p>Auf der folgenden Internetseite der Telekom unter k\u00f6nnen B\u00fcrgerinnen und B\u00fcrger selbst pr\u00fcfen, ob sich die Adresse im Ausbaugebiet befindet und den Hausanschluss direkt beantragen:<\/p>\n\n\n\n<p><a href=\"https:\/\/www.telekom.de\/netz\/glasfaser\">https:\/\/www.telekom.de\/netz\/glasfaser<\/a> <\/p>\n\n\n\n<p>Eine \u00dcbersichtskarte ebenso wie eine Anleitung zur Beantragung des Hausanschlusses steht zur Verf\u00fcgung unter folgender Adresse:<\/p>\n\n\n\n<p><a href=\"https:\/\/www.gera.de\/verwaltung-buergerservice\/projekte\/weichen-fuer-breitbandausbau-in-der-stadt-gera-gestellt\">https:\/\/www.gera.de\/verwaltung-buergerservice\/projekte\/weichen-fuer-breitbandausbau-in-der-stadt-gera-gestellt<\/a><\/p>\n\n\n\n<p>Eine pers\u00f6nliche R\u00fccksprache mit den Mitarbeitern im Telekom-Shop in den Gera-Arcaden ist ebenfalls m\u00f6glich. Diese helfen bei der Beantragung professionell weiter und beraten Interessierte hinsichtlich dessen, ob sich eine Adresse im gef\u00f6rderten Gebiet befindet.<\/p>\n\n\n\n<p>QUELLE: STADTVERWALTUNG<\/p>\n","protected":false},"excerpt":{"rendered":"<div class=\"mh-excerpt\"><p>Ein schneller Internetanschluss ist grundlegender Bestandteil des t\u00e4glichen Lebens, digitalen Lernens und modernen Arbeitens. Daher arbeitet die Stadt Gera gemeinsam mit der Telekom daran, den Breitbandausbau in unterversorgten Gebieten weiter voranzutreiben. Im Rahmen eines F\u00f6rderprogramms <a class=\"mh-excerpt-more\" href=\"https:\/\/www.studiogera.de\/001\/2023\/11\/16\/akquise-der-deutschen-telekom-in-gera-endet-am-30-november-2023\/\" title=\"AKQUISE DER DEUTSCHEN TELEKOM IN GERA ENDET AM 30. NOVEMBER 2023\">[&#8230;]<\/a><\/p>\n<\/div>","protected":false},"author":2,"featured_media":12038,"comment_status":"open","ping_status":"open","sticky":false,"template":"","format":"standard","meta":{"footnotes":""},"categories":[3],"tags":[],"class_list":{"0":"post-28143","1":"post","2":"type-post","3":"status-publish","4":"format-standard","5":"has-post-thumbnail","7":"category-lokal"},"_links":{"self":[{"href":"https:\/\/www.studiogera.de\/001\/wp-json\/wp\/v2\/posts\/28143","targetHints":{"allow":["GET"]}}],"collection":[{"href":"https:\/\/www.studiogera.de\/001\/wp-json\/wp\/v2\/posts"}],"about":[{"href":"https:\/\/www.studiogera.de\/001\/wp-json\/wp\/v2\/types\/post"}],"author":[{"embeddable":true,"href":"https:\/\/www.studiogera.de\/001\/wp-json\/wp\/v2\/users\/2"}],"replies":[{"embeddable":true,"href":"https:\/\/www.studiogera.de\/001\/wp-json\/wp\/v2\/comments?post=28143"}],"version-history":[{"count":1,"href":"https:\/\/www.studiogera.de\/001\/wp-json\/wp\/v2\/posts\/28143\/revisions"}],"predecessor-version":[{"id":28144,"href":"https:\/\/www.studiogera.de\/001\/wp-json\/wp\/v2\/posts\/28143\/revisions\/28144"}],"wp:featuredmedia":[{"embeddable":true,"href":"https:\/\/www.studiogera.de\/001\/wp-json\/wp\/v2\/media\/12038"}],"wp:attachment":[{"href":"https:\/\/www.studiogera.de\/001\/wp-json\/wp\/v2\/media?parent=28143"}],"wp:term":[{"taxonomy":"category","embeddable":true,"href":"https:\/\/www.studiogera.de\/001\/wp-json\/wp\/v2\/categories?post=28143"},{"taxonomy":"post_tag","embeddable":true,"href":"https:\/\/www.studiogera.de\/001\/wp-json\/wp\/v2\/tags?post=28143"}],"curies":[{"name":"wp","href":"https:\/\/api.w.org\/{rel}","templated":true}]}}