{"id":28240,"date":"2023-11-21T12:51:23","date_gmt":"2023-11-21T11:51:23","guid":{"rendered":"http:\/\/www.studiogera.de\/001\/?p=28240"},"modified":"2023-11-21T12:56:34","modified_gmt":"2023-11-21T11:56:34","slug":"thueringenweite-kampagne-handle-jetzt","status":"publish","type":"post","link":"https:\/\/www.studiogera.de\/001\/2023\/11\/21\/thueringenweite-kampagne-handle-jetzt\/","title":{"rendered":"TH\u00dcRINGENWEITE KAMPAGNE \u201eHANDLE JETZT\u201c"},"content":{"rendered":"\n<p><em>Die Gewalt gegen Frauen ist in Th\u00fcringen um mehr als 18 % gegen\u00fcber 2021 gestiegen. Die Gleichstellungsbeauftragten mit ihren Kommunen und Netzwerken zeigen fast 200 Hilfen f\u00fcr Betroffene von h\u00e4uslicher und geschlechtsspezifischer Gewalt anl\u00e4sslich des Tages gegen Gewalt an Frauen.<\/em><\/p>\n\n\n\n<p>Laut Bundeslagebild 2022 ist die Anzahl der Opfer H\u00e4uslicher Gewalt in den letzten f\u00fcnf Jahren bundesweit um 13 % angestiegen und liegt nun bei 240&#8217;547 Opfern. In Th\u00fcringen ist sogar ein Anstieg von \u00fcber 18 % zu verzeichnen. 2021 gab es 3227 Opfer, 2022 waren es 3812. In der Partnerschaftsgewalt sind gem\u00e4\u00df Angaben des BKA in den letzten Jahren ebenfalls stetig steigende Zahlen zu verzeichnen. Besonders betroffen sind Frauen mit einem Anteil von 80,1 %. Das sind 126&#8217;349 F\u00e4lle. Jede Stunde wurden 2022 in Deutschland durchschnittlich 14 Frauen Opfer von Gewalt in Partnerschaften. Alle zweieinhalb Tage stirbt eine Frau durch die Gewalttat ihres Partners oder Ex-Partners.<\/p>\n\n\n\n<p>Anl\u00e4sslich dieser Entwicklungen sagt Gera zusammen mit 28 Th\u00fcringer Kommunen, deren Gleichstellungsbeauftragten und Netzwerken gegen h\u00e4usliche Gewalt, entschieden nein zu jeder Form von Gewalt. Zum offiziellen Start der th\u00fcringenweiten Kampagne \u201eHandle jetzt\u201c am 15. November 2023 informieren sie gemeinsam zu zirka 200 regionalen sowie th\u00fcringen- und bundesweiten Hilfs- und Beratungsangeboten. Auf der Seite \u201ewww.handle-jetzt.de\u201c und in den sozialen Netzwerken werden bis zum 25. November 2023, dem Internationalen Tag zur Beseitigung von Gewalt gegen Frauen, auch als Orange Day bezeichnet, t\u00e4glich Beitr\u00e4ge ver\u00f6ffentlicht. Begleitet wird die Kampagne durch Anzeigen in Tageszeitungen und Werbeplakate. In Gera machten heute Geras Dezernentin f\u00fcr Jugend und Soziales, Sandra Wanzar, zusammen mit dem Geraer Netzwerk gegen h\u00e4usliche Gewalt und der Gleichstellungsbeauftragten Catrin Heinrich auf die bevorstehende Kampagne aufmerksam bei einem Treffen an einer der vier Kreuzungsplanen f\u00fcr \u201ehandle jetzt\u201c.<\/p>\n\n\n\n<p>Geras Sozialdezernentin wei\u00df um die Bedeutung des Projekts auch f\u00fcr die Zukunft:<\/p>\n\n\n\n<blockquote class=\"wp-block-quote is-layout-flow wp-block-quote-is-layout-flow\">\n<p>\u201eIm Integrierten Kommunalen Sozialplan der Stadt Gera von 2024-2028 ist unter anderem das Ziel festgeschrieben, Ma\u00dfnahmen zur Umsetzung der Istanbul-Konvention fortzuf\u00fchren. Eine davon ist die weiterhin aktive Beteiligung am Projekt \u201ehandle jetzt!\u201c. Das bedeutet, dass nicht nur die Stadtverwaltung sich stark macht, sondern dies auch durch den politischen Willen und die Netzwerkpartner vor Ort gef\u00f6rdert wird. Ein so breiter Konsens zeigt die Bedeutung f\u00fcr unsere Stadt.\u201c<\/p>\n<\/blockquote>\n\n\n\n<p>Geras Gleichstellungsbeauftragte Catrin Heinrich unterst\u00fctzt f\u00fcr Gera ma\u00dfgeblich die Arbeit f\u00fcr \u201ehandle jetzt\u201c und nimmt zum th\u00fcringenweiten offiziellen Kampagnenstart in diesem Jahr im Saale-Orla-Kreis in Schleiz teil. F\u00fcr sie besonders wichtig:<\/p>\n\n\n\n<blockquote class=\"wp-block-quote is-layout-flow wp-block-quote-is-layout-flow\">\n<p>\u201eDas Ziel der Kampagne ist, Menschen zu motivieren, nicht l\u00e4nger auszuhalten, sondern etwas zu unternehmen und die eigene Situation zu verbessern.\u201c<\/p>\n<\/blockquote>\n\n\n\n<p>Die Kampagne soll auch das Umfeld, wie Angeh\u00f6rige, Freundinnen und Freunde, Bekannte, die Hausgemeinschaft, den Verein, den Kindergarten, die Schule, die Kollegin oder den Kollegen von Betroffenen erreichen, so Heinrich weiter. Sie sollen m\u00f6glichst unterst\u00fctzen und von Gewalt Betroffene auch auf die zahlreichen Hilfsangebote hinweisen. Catrin Heinrich dankte au\u00dferdem den Mitgliedern des Geraer Netzwerkes gegen h\u00e4usliche Gewalt f\u00fcr die Mitwirkung an der Kampagne und f\u00fcr die ganzj\u00e4hrige Zusammenarbeit, um gemeinsam Menschen hier in der Region zu unterst\u00fctzen. Die \u00dcbersicht der Netzwerkmitglieder finden Interessierte auf \u201ewww.handle-jetzt.de\u201c und unter \u201ewww.gera.de\/gleichstellungsbeauftragte\u201c.<\/p>\n\n\n\n<p>Um die Geraer Hilfeangebote in kompakter Form in Gera streuen zu k\u00f6nnen, gibt es die neue Brosch\u00fcre des Geraer Netzwerkes gegen h\u00e4usliche Gewalt mit der \u00dcbersicht der Hilfen in Gera sowie bundesweiten Angeboten. Kathrin Engel, Interventionsstelle GeSa und Netzwerkmitglied, verteilte mit dem Netzwerk die ersten druckfrischen Brosch\u00fcren. F\u00fcr sie zum 25. November 2023 eine wichtige Botschaft:<\/p>\n\n\n\n<blockquote class=\"wp-block-quote is-layout-flow wp-block-quote-is-layout-flow\">\n<p>\u201eDie Flyer entstanden auch mit finanzieller Unterst\u00fctzung durch die Diakonie Mitteldeutschland und wir freuen uns, wieder ein kleines Format zum Mitnehmen und Mitgeben f\u00fcr Gera zu haben, mit dem wir auch ganzj\u00e4hrig Menschen erreichen k\u00f6nnen und f\u00fcr Hilfe sensibilisieren.\u201c<\/p>\n<\/blockquote>\n\n\n\n<p>An handle jetzt beteiligten sich 2022 mit Gera bereits 18 Kreise und St\u00e4dte Th\u00fcringens. In diesem Jahr schlossen sich zehn weitere Regionen an. Die 28 beteiligten Kommunen neben dem Freistaat Th\u00fcringen mit der Landesgleichstellungsbeauftragten sind: Altenburger Land, Apolda, Eisenach, Erfurt, Gera, Gotha, Ilmenau, Ilmkreis, Jena, Kyffh\u00e4userkreis, Landkreis Eichsfeld, Landkreis Gotha, Landkreis Greiz, Landkreis Saalfeld-Rudolstadt, Landkreis S\u00f6mmerda, Landkreis Sonneberg, Landkreis Weimarer Land, M\u00fchlhausen, Nordhausen, Rudolstadt, Saale-Holzland-Kreis, Saale-Orla-Kreis, Saalfeld, Sondershausen, Sonneberg, Suhl, Wartburgkreis, Weimar.<\/p>\n\n\n\n<p>Geschlechtsspezifische Gewalt ist eine Menschenrechtsverletzung<br>Die Landesgleichstellungsbeauftragte Gabi Ohler begr\u00fc\u00dft die gemeinsame Aktion der kommunalen Gleichstellungsbeauftragten:<\/p>\n\n\n\n<blockquote class=\"wp-block-quote is-layout-flow wp-block-quote-is-layout-flow\">\n<p>\u201eIch freue mich, dass wir in Th\u00fcringen die Aktion \u201eHandle jetzt\u201c zusammen mit Land und Kommunen fortf\u00fchren und die Istanbul-Konvention zur Verh\u00fctung und Bek\u00e4mpfung von Gewalt gegen Frauen und h\u00e4uslicher Gewalt umsetzen. \u201eHandle-jetzt\u201c bezieht sich nicht nur auf die besonderen Aktionstage im November. Genauso, wie die Webseite das ganze Jahr zur Verf\u00fcgung steht, arbeiten wir alle kontinuierlich an der Bek\u00e4mpfung geschlechtsspezifischer Gewalt.\u201c<\/p>\n<\/blockquote>\n\n\n\n<p>Neben der th\u00fcringenweiten Kampagne finden auch rund 30 regionale Veranstaltungen in den St\u00e4dten und Landkreisen statt. Mehr Informationen dazu unter \u201ewww.handle-jetzt.de\u201c.<\/p>\n\n\n\n<p>QUELLE: STADTVERWALTUNG<\/p>\n","protected":false},"excerpt":{"rendered":"<div class=\"mh-excerpt\"><p>Die Gewalt gegen Frauen ist in Th\u00fcringen um mehr als 18 % gegen\u00fcber 2021 gestiegen. Die Gleichstellungsbeauftragten mit ihren Kommunen und Netzwerken zeigen fast 200 Hilfen f\u00fcr Betroffene von h\u00e4uslicher und geschlechtsspezifischer Gewalt anl\u00e4sslich des <a class=\"mh-excerpt-more\" href=\"https:\/\/www.studiogera.de\/001\/2023\/11\/21\/thueringenweite-kampagne-handle-jetzt\/\" title=\"TH\u00dcRINGENWEITE KAMPAGNE \u201eHANDLE JETZT\u201c\">[&#8230;]<\/a><\/p>\n<\/div>","protected":false},"author":2,"featured_media":28241,"comment_status":"open","ping_status":"open","sticky":false,"template":"","format":"standard","meta":{"footnotes":""},"categories":[6],"tags":[],"class_list":{"0":"post-28240","1":"post","2":"type-post","3":"status-publish","4":"format-standard","5":"has-post-thumbnail","7":"category-gesellschaft"},"_links":{"self":[{"href":"https:\/\/www.studiogera.de\/001\/wp-json\/wp\/v2\/posts\/28240","targetHints":{"allow":["GET"]}}],"collection":[{"href":"https:\/\/www.studiogera.de\/001\/wp-json\/wp\/v2\/posts"}],"about":[{"href":"https:\/\/www.studiogera.de\/001\/wp-json\/wp\/v2\/types\/post"}],"author":[{"embeddable":true,"href":"https:\/\/www.studiogera.de\/001\/wp-json\/wp\/v2\/users\/2"}],"replies":[{"embeddable":true,"href":"https:\/\/www.studiogera.de\/001\/wp-json\/wp\/v2\/comments?post=28240"}],"version-history":[{"count":2,"href":"https:\/\/www.studiogera.de\/001\/wp-json\/wp\/v2\/posts\/28240\/revisions"}],"predecessor-version":[{"id":28244,"href":"https:\/\/www.studiogera.de\/001\/wp-json\/wp\/v2\/posts\/28240\/revisions\/28244"}],"wp:featuredmedia":[{"embeddable":true,"href":"https:\/\/www.studiogera.de\/001\/wp-json\/wp\/v2\/media\/28241"}],"wp:attachment":[{"href":"https:\/\/www.studiogera.de\/001\/wp-json\/wp\/v2\/media?parent=28240"}],"wp:term":[{"taxonomy":"category","embeddable":true,"href":"https:\/\/www.studiogera.de\/001\/wp-json\/wp\/v2\/categories?post=28240"},{"taxonomy":"post_tag","embeddable":true,"href":"https:\/\/www.studiogera.de\/001\/wp-json\/wp\/v2\/tags?post=28240"}],"curies":[{"name":"wp","href":"https:\/\/api.w.org\/{rel}","templated":true}]}}