{"id":28306,"date":"2023-11-24T08:28:01","date_gmt":"2023-11-24T07:28:01","guid":{"rendered":"http:\/\/www.studiogera.de\/001\/?p=28306"},"modified":"2023-11-24T08:28:04","modified_gmt":"2023-11-24T07:28:04","slug":"aussergewoehnliche-notsituation-nach-karlsruher-urteil","status":"publish","type":"post","link":"https:\/\/www.studiogera.de\/001\/2023\/11\/24\/aussergewoehnliche-notsituation-nach-karlsruher-urteil\/","title":{"rendered":"AUSSERGEW\u00d6HNLICHE NOTSITUATION NACH KARLSRUHER URTEIL"},"content":{"rendered":"\n<p><em>Gem\u00e4\u00df dem Urteil des Bundesverfassungsgerichts sind die kreditfinanzierten Sonderfonds des Bundes und neue \u00dcberschuldungen au\u00dferhalb einer Notlage rechtswidrig, da die Schuldenbremse wieder greift. Das unter Ausnutzung der Corona-Krise angelegte Volumen darf nicht umgewidmet und anderweitig verwendet werden.<\/em><\/p>\n\n\n\n<p>Kommende Woche will die Bundesregierung f\u00fcr das laufende Jahr einen Nachtragshaushalt mit einem Volumen von etwa 40 Milliarden Euro vorlegen, und dem Parlament zugleich die Feststellung einer \u201eau\u00dfergew\u00f6hnlichen Notlage\u201d vorschlagen. Der Bundestagsbeschluss hierzu ist notwendig, damit die im Grundgesetz verankerte Schuldenbremse rechtskonform wieder ausgesetzt werden kann. Artikel 115 gestattet dies \u201eim Falle von Naturkatastrophen oder au\u00dfergew\u00f6hnlichen Notsituationen, die sich der Kontrolle des Staates entziehen und die staatliche Finanzlage erheblich beeintr\u00e4chtigen\u201d. Als Grund wird die Bundesregierung voraussichtlich angeben, dass die Energiekrise bis in das laufende Jahr hinein gewirkt hat.<\/p>\n\n\n\n<p>Durch den Beschluss wird f\u00fcr bereits get\u00e4tigte Ausgaben eine sichere Rechtsgrundlage geschaffen. Allein aus dem Wirtschaftsstabilisierungsfonds sind im Zeitraum von Januar bis Oktober 2023 bereits 37 Milliarden Euro abgeflossen. \u00dcber den Fonds wird unter anderem die Strom- und Gaspreisbremse finanziert. Die Aufnahme neuer Schulden ist nicht geplant.<\/p>\n","protected":false},"excerpt":{"rendered":"<div class=\"mh-excerpt\"><p>Gem\u00e4\u00df dem Urteil des Bundesverfassungsgerichts sind die kreditfinanzierten Sonderfonds des Bundes und neue \u00dcberschuldungen au\u00dferhalb einer Notlage rechtswidrig, da die Schuldenbremse wieder greift. Das unter Ausnutzung der Corona-Krise angelegte Volumen darf nicht umgewidmet und anderweitig <a class=\"mh-excerpt-more\" href=\"https:\/\/www.studiogera.de\/001\/2023\/11\/24\/aussergewoehnliche-notsituation-nach-karlsruher-urteil\/\" title=\"AUSSERGEW\u00d6HNLICHE NOTSITUATION NACH KARLSRUHER URTEIL\">[&#8230;]<\/a><\/p>\n<\/div>","protected":false},"author":2,"featured_media":9855,"comment_status":"open","ping_status":"open","sticky":false,"template":"","format":"standard","meta":{"footnotes":""},"categories":[2],"tags":[],"class_list":{"0":"post-28306","1":"post","2":"type-post","3":"status-publish","4":"format-standard","5":"has-post-thumbnail","7":"category-weltweit"},"_links":{"self":[{"href":"https:\/\/www.studiogera.de\/001\/wp-json\/wp\/v2\/posts\/28306","targetHints":{"allow":["GET"]}}],"collection":[{"href":"https:\/\/www.studiogera.de\/001\/wp-json\/wp\/v2\/posts"}],"about":[{"href":"https:\/\/www.studiogera.de\/001\/wp-json\/wp\/v2\/types\/post"}],"author":[{"embeddable":true,"href":"https:\/\/www.studiogera.de\/001\/wp-json\/wp\/v2\/users\/2"}],"replies":[{"embeddable":true,"href":"https:\/\/www.studiogera.de\/001\/wp-json\/wp\/v2\/comments?post=28306"}],"version-history":[{"count":2,"href":"https:\/\/www.studiogera.de\/001\/wp-json\/wp\/v2\/posts\/28306\/revisions"}],"predecessor-version":[{"id":28308,"href":"https:\/\/www.studiogera.de\/001\/wp-json\/wp\/v2\/posts\/28306\/revisions\/28308"}],"wp:featuredmedia":[{"embeddable":true,"href":"https:\/\/www.studiogera.de\/001\/wp-json\/wp\/v2\/media\/9855"}],"wp:attachment":[{"href":"https:\/\/www.studiogera.de\/001\/wp-json\/wp\/v2\/media?parent=28306"}],"wp:term":[{"taxonomy":"category","embeddable":true,"href":"https:\/\/www.studiogera.de\/001\/wp-json\/wp\/v2\/categories?post=28306"},{"taxonomy":"post_tag","embeddable":true,"href":"https:\/\/www.studiogera.de\/001\/wp-json\/wp\/v2\/tags?post=28306"}],"curies":[{"name":"wp","href":"https:\/\/api.w.org\/{rel}","templated":true}]}}