{"id":28404,"date":"2023-11-30T09:43:59","date_gmt":"2023-11-30T08:43:59","guid":{"rendered":"http:\/\/www.studiogera.de\/001\/?p=28404"},"modified":"2023-11-30T09:44:00","modified_gmt":"2023-11-30T08:44:00","slug":"pkw-prallt-gegen-baum-totalschaden","status":"publish","type":"post","link":"https:\/\/www.studiogera.de\/001\/2023\/11\/30\/pkw-prallt-gegen-baum-totalschaden\/","title":{"rendered":"PKW PRALLT GEGEN BAUM \u2014 TOTALSCHADEN"},"content":{"rendered":"\n<p>Offenbar aufgrund der glatten Fahrbahn geriet der 22-j\u00e4hrige Fahrer eines Audi Q7 beim Befahren der Kreisstra\u00dfe 26, zwischen Gorlitzsch und der Hohen Stra\u00dfe, am 28. November gegen 13.35 Uhr nach rechts von der Stra\u00dfe ab und prallte gegen einen dortigen Baum. Wie durch ein Wunder verletzte sich der junge Mann nur leicht. Dennoch brachte ihn ein Rettungswagen ins Krankenhaus. Mehr Schaden nahm jedoch sein Fahrzeug, denn der Audi wies offenbar einen Totalschaden auf und musste abgeschleppt werden. Auch am Baum entstanden Spuren des Aufpralles. F\u00fcr den Zeitraum der Unfallaufnahme musste die Stra\u00dfe vollst\u00e4ndig gesperrt werden. Die Geraer Polizei nahm die Ermittlungen zum Unfall auf.\u00a0<\/p>\n","protected":false},"excerpt":{"rendered":"<div class=\"mh-excerpt\"><p>Offenbar aufgrund der glatten Fahrbahn geriet der 22-j\u00e4hrige Fahrer eines Audi Q7 beim Befahren der Kreisstra\u00dfe 26, zwischen Gorlitzsch und der Hohen Stra\u00dfe, am 28. November gegen 13.35 Uhr nach rechts von der Stra\u00dfe ab <a class=\"mh-excerpt-more\" href=\"https:\/\/www.studiogera.de\/001\/2023\/11\/30\/pkw-prallt-gegen-baum-totalschaden\/\" title=\"PKW PRALLT GEGEN BAUM \u2014 TOTALSCHADEN\">[&#8230;]<\/a><\/p>\n<\/div>","protected":false},"author":2,"featured_media":9356,"comment_status":"open","ping_status":"open","sticky":false,"template":"","format":"standard","meta":{"footnotes":""},"categories":[13],"tags":[],"class_list":{"0":"post-28404","1":"post","2":"type-post","3":"status-publish","4":"format-standard","5":"has-post-thumbnail","7":"category-polizeiberichte"},"_links":{"self":[{"href":"https:\/\/www.studiogera.de\/001\/wp-json\/wp\/v2\/posts\/28404","targetHints":{"allow":["GET"]}}],"collection":[{"href":"https:\/\/www.studiogera.de\/001\/wp-json\/wp\/v2\/posts"}],"about":[{"href":"https:\/\/www.studiogera.de\/001\/wp-json\/wp\/v2\/types\/post"}],"author":[{"embeddable":true,"href":"https:\/\/www.studiogera.de\/001\/wp-json\/wp\/v2\/users\/2"}],"replies":[{"embeddable":true,"href":"https:\/\/www.studiogera.de\/001\/wp-json\/wp\/v2\/comments?post=28404"}],"version-history":[{"count":1,"href":"https:\/\/www.studiogera.de\/001\/wp-json\/wp\/v2\/posts\/28404\/revisions"}],"predecessor-version":[{"id":28405,"href":"https:\/\/www.studiogera.de\/001\/wp-json\/wp\/v2\/posts\/28404\/revisions\/28405"}],"wp:featuredmedia":[{"embeddable":true,"href":"https:\/\/www.studiogera.de\/001\/wp-json\/wp\/v2\/media\/9356"}],"wp:attachment":[{"href":"https:\/\/www.studiogera.de\/001\/wp-json\/wp\/v2\/media?parent=28404"}],"wp:term":[{"taxonomy":"category","embeddable":true,"href":"https:\/\/www.studiogera.de\/001\/wp-json\/wp\/v2\/categories?post=28404"},{"taxonomy":"post_tag","embeddable":true,"href":"https:\/\/www.studiogera.de\/001\/wp-json\/wp\/v2\/tags?post=28404"}],"curies":[{"name":"wp","href":"https:\/\/api.w.org\/{rel}","templated":true}]}}