{"id":28413,"date":"2023-12-01T17:10:00","date_gmt":"2023-12-01T16:10:00","guid":{"rendered":"http:\/\/www.studiogera.de\/001\/?p=28413"},"modified":"2023-11-30T10:22:24","modified_gmt":"2023-11-30T09:22:24","slug":"unternehmen-fuer-das-pilotprojekt-tag-in-der-praxis-gesucht","status":"publish","type":"post","link":"https:\/\/www.studiogera.de\/001\/2023\/12\/01\/unternehmen-fuer-das-pilotprojekt-tag-in-der-praxis-gesucht\/","title":{"rendered":"UNTERNEHMEN F\u00dcR DAS PILOTPROJEKT \u201eTAG IN DER PRAXIS\u201c GESUCHT"},"content":{"rendered":"\n<p>F\u00fcr das Pilotprojekt \u201eTag in der Praxis\u201c, kurz TIP, suchen die Stadtverwaltung, die\u00a0Arbeitsagentur Th\u00fcringen Ost, die Industrie- und Handelskammer Ostth\u00fcringen zu Gera sowie die Handwerkskammer f\u00fcr Ostth\u00fcringen weiterhin Unternehmen und Betriebe, die ab Fr\u00fchjahr 2024 Praktikumspl\u00e4tze f\u00fcr Jugendliche der Klassenstufen acht und neun anbieten. Damit sollen k\u00fcnftig die Interessen von potentiellen Arbeitgebern sowie Sch\u00fclern in der Phase der Berufswahl n\u00e4her zusammengebracht werden. Dabei ist es f\u00fcr die jungen Erwachsenen m\u00f6glich, \u00fcber zwei Schulhalbjahre hinweg an je einem Tag pro Schulwoche Einblicke in die regionale Arbeitswelt zu gewinnen. Es werden derzeit besonders Firmen aus den Bereichen B\u00e4ckerei, Fleischerei und G\u00e4rtnerei sowie aus dem Einzelhandel wie Superm\u00e4rkte, Modegesch\u00e4fte und Blumenl\u00e4den gesucht. Ebenfalls haben besonders die sozialen Einrichtungen wie Kindertagesst\u00e4tten Bedarf, die gern Praktikumspl\u00e4tze f\u00fcr Sch\u00fclerinnen und Sch\u00fcler zur Verf\u00fcgung stellen.<\/p>\n\n\n\n<p>\u201eGera ist eine Stadt mit vielf\u00e4ltigen und zukunftsorientierten Ausbildungs- und Berufsperspektiven. Den TIP m\u00fcssen wir als Chance nutzen, um Sch\u00fclerinnen und Sch\u00fcler zuk\u00fcnftig langfristig an die Unternehmen und die Region zu binden\u201c, so Oberb\u00fcrgermeister Julian Vonarb. Als gro\u00dfer Arbeitgeber der Stadt biete auch die Stadtverwaltung Gera facettenreiche und zeitlich flexible Praktika an, die abwechslungsreiche Einblicke in verschiedene Aufgaben- und Themenbereiche erm\u00f6glichen. Nach derzeitigem Stand werden im kommenden Jahr f\u00fcr den TIP zirka 400 Praktikumspl\u00e4tze in Gera und rund 1300 Pl\u00e4tze in Ostth\u00fcringen ben\u00f6tigt.<\/p>\n\n\n\n<p>Bei R\u00fcckfragen k\u00f6nnen die Unternehmen \u00fcber \u201e<a href=\"mailto:wirtschaftsfoerderung@gera.de\">wirtschaftsfoerderung@gera.de<\/a>\u201c und \u201e<a href=\"mailto:ThueringenOst.Ausbildungsvermittlung@arbeitsagentur.de\">ThueringenOst.Ausbildungsvermittlung@arbeitsagentur.de<\/a>\u201c Kontakt aufnehmen.<\/p>\n","protected":false},"excerpt":{"rendered":"<div class=\"mh-excerpt\"><p>F\u00fcr das Pilotprojekt \u201eTag in der Praxis\u201c, kurz TIP, suchen die Stadtverwaltung, die\u00a0Arbeitsagentur Th\u00fcringen Ost, die Industrie- und Handelskammer Ostth\u00fcringen zu Gera sowie die Handwerkskammer f\u00fcr Ostth\u00fcringen weiterhin Unternehmen und Betriebe, die ab Fr\u00fchjahr 2024 <a class=\"mh-excerpt-more\" href=\"https:\/\/www.studiogera.de\/001\/2023\/12\/01\/unternehmen-fuer-das-pilotprojekt-tag-in-der-praxis-gesucht\/\" title=\"UNTERNEHMEN F\u00dcR DAS PILOTPROJEKT \u201eTAG IN DER PRAXIS\u201c GESUCHT\">[&#8230;]<\/a><\/p>\n<\/div>","protected":false},"author":2,"featured_media":22600,"comment_status":"open","ping_status":"open","sticky":false,"template":"","format":"standard","meta":{"footnotes":""},"categories":[16],"tags":[],"class_list":{"0":"post-28413","1":"post","2":"type-post","3":"status-publish","4":"format-standard","5":"has-post-thumbnail","7":"category-kurzmitteilungen"},"_links":{"self":[{"href":"https:\/\/www.studiogera.de\/001\/wp-json\/wp\/v2\/posts\/28413","targetHints":{"allow":["GET"]}}],"collection":[{"href":"https:\/\/www.studiogera.de\/001\/wp-json\/wp\/v2\/posts"}],"about":[{"href":"https:\/\/www.studiogera.de\/001\/wp-json\/wp\/v2\/types\/post"}],"author":[{"embeddable":true,"href":"https:\/\/www.studiogera.de\/001\/wp-json\/wp\/v2\/users\/2"}],"replies":[{"embeddable":true,"href":"https:\/\/www.studiogera.de\/001\/wp-json\/wp\/v2\/comments?post=28413"}],"version-history":[{"count":1,"href":"https:\/\/www.studiogera.de\/001\/wp-json\/wp\/v2\/posts\/28413\/revisions"}],"predecessor-version":[{"id":28414,"href":"https:\/\/www.studiogera.de\/001\/wp-json\/wp\/v2\/posts\/28413\/revisions\/28414"}],"wp:featuredmedia":[{"embeddable":true,"href":"https:\/\/www.studiogera.de\/001\/wp-json\/wp\/v2\/media\/22600"}],"wp:attachment":[{"href":"https:\/\/www.studiogera.de\/001\/wp-json\/wp\/v2\/media?parent=28413"}],"wp:term":[{"taxonomy":"category","embeddable":true,"href":"https:\/\/www.studiogera.de\/001\/wp-json\/wp\/v2\/categories?post=28413"},{"taxonomy":"post_tag","embeddable":true,"href":"https:\/\/www.studiogera.de\/001\/wp-json\/wp\/v2\/tags?post=28413"}],"curies":[{"name":"wp","href":"https:\/\/api.w.org\/{rel}","templated":true}]}}