{"id":28441,"date":"2023-12-01T11:48:05","date_gmt":"2023-12-01T10:48:05","guid":{"rendered":"http:\/\/www.studiogera.de\/001\/?p=28441"},"modified":"2023-12-01T11:48:07","modified_gmt":"2023-12-01T10:48:07","slug":"sieben-fahrzeuge-in-debschwitz-beschaedigt","status":"publish","type":"post","link":"https:\/\/www.studiogera.de\/001\/2023\/12\/01\/sieben-fahrzeuge-in-debschwitz-beschaedigt\/","title":{"rendered":"SIEBEN FAHRZEUGE IN DEBSCHWITZ BESCH\u00c4DIGT"},"content":{"rendered":"\n<p>Schaden an insgesamt sieben Fahrzeugen verursachten bislang unbekannte T\u00e4ter am vergangenem Wochenende. Offenbar in der Zeit vom 25. zum 26. November 2023 zerkratzten der oder die T\u00e4ter jeweils die rechte Seite der in der Arminiusstra\u00dfe abgestellten Fahrzeuge. Die Geraer Polizei ermittelt nun zum Fall mit der Bezugsnummer 0309009\/2023 und nimmt Zeugenhinweise zu den Sachbesch\u00e4digern unter der Rufnummer 0365 8290 entgegen.<\/p>\n","protected":false},"excerpt":{"rendered":"<div class=\"mh-excerpt\"><p>Schaden an insgesamt sieben Fahrzeugen verursachten bislang unbekannte T\u00e4ter am vergangenem Wochenende. Offenbar in der Zeit vom 25. zum 26. November 2023 zerkratzten der oder die T\u00e4ter jeweils die rechte Seite der in der Arminiusstra\u00dfe <a class=\"mh-excerpt-more\" href=\"https:\/\/www.studiogera.de\/001\/2023\/12\/01\/sieben-fahrzeuge-in-debschwitz-beschaedigt\/\" title=\"SIEBEN FAHRZEUGE IN DEBSCHWITZ BESCH\u00c4DIGT\">[&#8230;]<\/a><\/p>\n<\/div>","protected":false},"author":2,"featured_media":9356,"comment_status":"open","ping_status":"open","sticky":false,"template":"","format":"standard","meta":{"footnotes":""},"categories":[13],"tags":[],"class_list":{"0":"post-28441","1":"post","2":"type-post","3":"status-publish","4":"format-standard","5":"has-post-thumbnail","7":"category-polizeiberichte"},"_links":{"self":[{"href":"https:\/\/www.studiogera.de\/001\/wp-json\/wp\/v2\/posts\/28441","targetHints":{"allow":["GET"]}}],"collection":[{"href":"https:\/\/www.studiogera.de\/001\/wp-json\/wp\/v2\/posts"}],"about":[{"href":"https:\/\/www.studiogera.de\/001\/wp-json\/wp\/v2\/types\/post"}],"author":[{"embeddable":true,"href":"https:\/\/www.studiogera.de\/001\/wp-json\/wp\/v2\/users\/2"}],"replies":[{"embeddable":true,"href":"https:\/\/www.studiogera.de\/001\/wp-json\/wp\/v2\/comments?post=28441"}],"version-history":[{"count":1,"href":"https:\/\/www.studiogera.de\/001\/wp-json\/wp\/v2\/posts\/28441\/revisions"}],"predecessor-version":[{"id":28442,"href":"https:\/\/www.studiogera.de\/001\/wp-json\/wp\/v2\/posts\/28441\/revisions\/28442"}],"wp:featuredmedia":[{"embeddable":true,"href":"https:\/\/www.studiogera.de\/001\/wp-json\/wp\/v2\/media\/9356"}],"wp:attachment":[{"href":"https:\/\/www.studiogera.de\/001\/wp-json\/wp\/v2\/media?parent=28441"}],"wp:term":[{"taxonomy":"category","embeddable":true,"href":"https:\/\/www.studiogera.de\/001\/wp-json\/wp\/v2\/categories?post=28441"},{"taxonomy":"post_tag","embeddable":true,"href":"https:\/\/www.studiogera.de\/001\/wp-json\/wp\/v2\/tags?post=28441"}],"curies":[{"name":"wp","href":"https:\/\/api.w.org\/{rel}","templated":true}]}}