{"id":28449,"date":"2023-12-01T12:13:04","date_gmt":"2023-12-01T11:13:04","guid":{"rendered":"http:\/\/www.studiogera.de\/001\/?p=28449"},"modified":"2023-12-01T12:13:06","modified_gmt":"2023-12-01T11:13:06","slug":"das-theater-vom-1-bis-3-dezember-2023","status":"publish","type":"post","link":"https:\/\/www.studiogera.de\/001\/2023\/12\/01\/das-theater-vom-1-bis-3-dezember-2023\/","title":{"rendered":"DAS THEATER VOM 1. BIS 3. DEZEMBER 2023"},"content":{"rendered":"\n<p>Man nehme eine eitle K\u00f6nigin und versehe sie mit magischen Kr\u00e4ften. Man gebe ihr einen Zauberspiegel und das sch\u00f6nste M\u00e4dchen im ganzen Land zur Schwiegertochter. Au\u00dferdem w\u00e4hle man sieben lustige Zwerge. Man knete all diese Zutaten zusammen und tauche sie in viel Farbe und in mitrei\u00dfende Musik ein. Man gebe eine Prise Humor dazu und lasse den rettenden Prinzen auch erscheinen. Welches M\u00e4rchen ist gemeint? Nat\u00fcrlich \u201eSchneewittchen und die sieben Zwerge\u201c! Mit frischem Wind, viel Humor und eing\u00e4ngigen Melodien bringen Schauspieldirektor Manuel Kressin und Schauspielkapellmeister Olav Kr\u00f6ger die Geschichte der Br\u00fcder Grimm am Samstag, den 2. Dezember 2023, um 16 Uhr f\u00fcr die ganze Familie auf die B\u00fchne des Theaters Gera.<\/p>\n\n\n\n<p>Mehr als 2000 Jahre fristeten sie in der Weihnachtsgeschichte ein Schattendasein als Statisten, bis Autor Norbert Ebel die zwei \u00fcblicherweise stummen Nebenfiguren in seiner Version des Krippenspiels ins Rampenlicht r\u00fcckte. In \u201eOx und Esel\u201c kommen die beiden tierischen Freunde aus Bethlehem endlich einmal zu Wort und laden Gro\u00df und Klein dazu ein, einen frischen Blick auf die Urspr\u00fcnge der Weihnachtsgeschichte zu werfen. Ausgestattet mit witzigen Dialogen und trotzdem sehr einf\u00fchlsam, ist das M\u00e4rchen jetzt als Puppentheater in der B\u00fchne am Park Gera am Sonntag, den 3. Dezember, um 11 Uhr f\u00fcr kleine Besucher ab f\u00fcnf Jahren und gro\u00dfe Puppentheaterfans zu erleben.<\/p>\n\n\n\n<p>Albert Lortzings Spieloper \u201eDer Wildsch\u00fctz oder Die Stimme der Natur\u201c wurde 1842 in Leipzig uraufgef\u00fchrt und wartet mit gro\u00dfem Melodienreichtum, Witz und Tempo auf. Am Theater Gera ist die Komische Oper in einer Neuinszenierung wieder am Sonntag, den 3. Dezember, um 14.30 Uhr im Gro\u00dfen Haus Gera zu erleben.<\/p>\n\n\n\n<p>Der Konzertchor Rutheneum l\u00e4dt am Sonntag, den 3. Dezember, um 19 Uhr zum Festlichen Weihnachtskonzert in den Konzertsaal des Theaters Altenburg Gera ein. Unter der musikalischen Leitung von Christian K. Frank werden die S\u00e4nger:innen mit deutschsprachigen Klassikern wie Bachs \u201eWie soll ich dich empfangen\u201c, Sch\u00fctz\u2018 \u201eTr\u00f6stet mein Volk\u201c oder Mendelssohns doppelch\u00f6riges Werk \u201eWarum toben die Heiden\u201c aber auch mit englischer Weihnachtsliteratur wie Mendelsohns \u201eHark! The Herald Angels Sing\u201c und Herbert Howells\u2018 \u201eGloucester Service\u201c weihnachtlichen Glanz verbreiten. Begleitet wird der Chor von Benjamin Stielau an der Orgel.<\/p>\n\n\n\n<p>Die Gesellschaft der Theater- und Konzertfreunde Gera e. V. l\u00e4dt am Samstag, den 2. Dezember, um 14.30 Uhr wieder zu einem Theatercaf\u00e9 in die B\u00fchne am Park ein. Bei Kaffee und Kuchen erh\u00e4lt das Publikum spannende Einblicke in den Alltag des GMD Ruben Gazarian, der seit der Spielzeit 2020\/2021 f\u00fcr das Wirken des Philharmonischen Orchesters Altenburg Gera verantwortlich ist und nat\u00fcrlich auch im Musiktheater seine musikalische Handschrift hinterl\u00e4sst. Dabei ist Ruben Gazarian dem hiesigen Publikum kein Unbekannter. Er ist bereits als Violinvirtuose im Konzertsaal Gera aufgetreten. Au\u00dferdem kann sich das Publikum auf musikalische Beitr\u00e4ge freuen.<\/p>\n\n\n\n<p><strong>Das Programm in Altenburg<\/strong><\/p>\n\n\n\n<p>Werden, Sein und Verg\u00e4nglichkeit des Menschen stehen im Fokus von Ballettdirektorin Silvana Schr\u00f6ders Urauff\u00fchrung \u201eCorpus\u201c. Das zeitgen\u00f6ssische Ballett erz\u00e4hlt in assoziativen Bildern die Geschichte eines Individuums von der Geburt bis zum Tod. Es tanzt das Th\u00fcringer Staatsballett. Zu erleben am Freitag, den 1. Dezember, um 19.30 Uhr im Theaterzelt Altenburg.<\/p>\n\n\n\n<p>Die Geschichte vom kleinen Angsthasen der Autorin Elizabeth Shaw z\u00e4hlt zu den beliebtesten Kindergeschichten der DDR. Das Puppentheater pr\u00e4sentiert am Samstag, den 2. Dezember, um 15 Uhr und am Sonntag, den 3. Dezember, um 11 Uhr im Heizhaus Altenburg das Mutmach-Abenteuer rund um den kleinen Angsthasen, den klitzekleinen Ulli und den gefr\u00e4\u00dfigen Fuchs. Empfohlen ab vier Jahren.<\/p>\n\n\n\n<p>Mit einem exklusiven Adventskonzert namens \u201eWintermomente\u201c ist Angelika Milster am Samstag, den 2. Dezember, um 19:30 Uhr zu Gast im Theaterzelt Altenburg. Das Crossover-Programm kombiniert geschickt verschiedene Musikgenres. Die Bandbreite umfasst klassische Musik, Chansons und Liebeslieder. Hinzu kommen Musicalsongs, wie \u201eWie soll ich ihn nur lieben\u201c oder \u201eAus der Ferne\u201c. Auch die Songs \u201eDie Rose\u201c und \u201eErinnerung\u201c, die zu einem Markenzeichen von Angelika Milster geworden sind, d\u00fcrfen nat\u00fcrlich nicht fehlen.<\/p>\n\n\n\n<p>Kindgerecht und humorvoll inszeniert \u2013 ein Spa\u00df f\u00fcr Jung und Alt \u2013 pr\u00e4sentiert das Theater Altenburg Gera unter der Regie von Generalintendant Kay Kuntze wieder am Sonntag, den 3. Dezember, um 16 Uhr das grimmsche M\u00e4rchen vom Teufel mit den drei goldenen Haaren auf der B\u00fchne im Theaterzelt Altenburg. In diesem M\u00e4rchen erz\u00e4hlt das Schauspielensemble vom Gl\u00fcckskind, das auszog, den Teufel zu \u00fcberlisten. Empfohlen ab sechs Jahren.<\/p>\n\n\n\n<p>Eintrittskarten sind an den Theaterkassen sowie \u00fcber die Webseite des Theaters erh\u00e4ltlich. Diese sind unter der Rufnummer 0365 8279105 bzw. 03447 585160 sowie \u00fcber \u201ehttps:\/\/theater-altenburg-gera.de\/\u201d erreichbar.<\/p>\n\n\n\n<p>QUELLE: THEATER ALTENBURG GERA GGMBH<\/p>\n","protected":false},"excerpt":{"rendered":"<div class=\"mh-excerpt\"><p>Man nehme eine eitle K\u00f6nigin und versehe sie mit magischen Kr\u00e4ften. Man gebe ihr einen Zauberspiegel und das sch\u00f6nste M\u00e4dchen im ganzen Land zur Schwiegertochter. Au\u00dferdem w\u00e4hle man sieben lustige Zwerge. Man knete all diese <a class=\"mh-excerpt-more\" href=\"https:\/\/www.studiogera.de\/001\/2023\/12\/01\/das-theater-vom-1-bis-3-dezember-2023\/\" title=\"DAS THEATER VOM 1. BIS 3. DEZEMBER 2023\">[&#8230;]<\/a><\/p>\n<\/div>","protected":false},"author":2,"featured_media":28451,"comment_status":"open","ping_status":"open","sticky":false,"template":"","format":"standard","meta":{"footnotes":""},"categories":[15],"tags":[],"class_list":{"0":"post-28449","1":"post","2":"type-post","3":"status-publish","4":"format-standard","5":"has-post-thumbnail","7":"category-theater"},"_links":{"self":[{"href":"https:\/\/www.studiogera.de\/001\/wp-json\/wp\/v2\/posts\/28449","targetHints":{"allow":["GET"]}}],"collection":[{"href":"https:\/\/www.studiogera.de\/001\/wp-json\/wp\/v2\/posts"}],"about":[{"href":"https:\/\/www.studiogera.de\/001\/wp-json\/wp\/v2\/types\/post"}],"author":[{"embeddable":true,"href":"https:\/\/www.studiogera.de\/001\/wp-json\/wp\/v2\/users\/2"}],"replies":[{"embeddable":true,"href":"https:\/\/www.studiogera.de\/001\/wp-json\/wp\/v2\/comments?post=28449"}],"version-history":[{"count":1,"href":"https:\/\/www.studiogera.de\/001\/wp-json\/wp\/v2\/posts\/28449\/revisions"}],"predecessor-version":[{"id":28450,"href":"https:\/\/www.studiogera.de\/001\/wp-json\/wp\/v2\/posts\/28449\/revisions\/28450"}],"wp:featuredmedia":[{"embeddable":true,"href":"https:\/\/www.studiogera.de\/001\/wp-json\/wp\/v2\/media\/28451"}],"wp:attachment":[{"href":"https:\/\/www.studiogera.de\/001\/wp-json\/wp\/v2\/media?parent=28449"}],"wp:term":[{"taxonomy":"category","embeddable":true,"href":"https:\/\/www.studiogera.de\/001\/wp-json\/wp\/v2\/categories?post=28449"},{"taxonomy":"post_tag","embeddable":true,"href":"https:\/\/www.studiogera.de\/001\/wp-json\/wp\/v2\/tags?post=28449"}],"curies":[{"name":"wp","href":"https:\/\/api.w.org\/{rel}","templated":true}]}}