{"id":28470,"date":"2023-12-04T11:36:24","date_gmt":"2023-12-04T10:36:24","guid":{"rendered":"http:\/\/www.studiogera.de\/001\/?p=28470"},"modified":"2023-12-04T11:40:08","modified_gmt":"2023-12-04T10:40:08","slug":"gruene-politikerin-irritiert-mit-instagram-video","status":"publish","type":"post","link":"https:\/\/www.studiogera.de\/001\/2023\/12\/04\/gruene-politikerin-irritiert-mit-instagram-video\/","title":{"rendered":"GR\u00dcNE POLITIKERIN IRRITIERT MIT INSTAGRAM-VIDEO"},"content":{"rendered":"\n<p>Mit ihrem Instagram-Video zur Internationalen Klimakonferenz hat die Fraktionsvorsitzende der Gr\u00fcnen im Bayerischen Landtag, Katharina Schulze, im Netz vielfach f\u00fcr Entsetzen gesorgt. Man wirft ihr v\u00f6lligen Realit\u00e4tsverlust vor. W\u00e4hrend es aufgrund des fr\u00fchen Wintereinbruchs in Deutschland vielerorts erhebliche Verkehrsbeeintr\u00e4chtigungen gibt, meint sie:<\/p>\n\n\n\n<blockquote class=\"wp-block-quote is-layout-flow wp-block-quote-is-layout-flow\">\n<p>Auch wenn es nicht gerade danach aussieht \u2014 die Erde brennt, und das \u00fcberall!<\/p>\n<\/blockquote>\n\n\n\n<p><a href=\"https:\/\/www.instagram.com\/p\/C0Rr2ymt_CL\/?utm_source=ig_embed&amp;utm_campaign=embed_video_watch_again\">https:\/\/www.instagram.com\/p\/C0Rr2ymt_CL\/?utm_source=ig_embed&amp;utm_campaign=embed_video_watch_again<\/a><\/p>\n\n\n\n<p>Dabei seht sie vor einem Fenster und deutet auf die Winterlandschaft im Hintergrund. Man beachte: Zur gleichen Zeit lagen in M\u00fcnchen mehr als 40 Zentimeter Schnee, sodass der Flugbetrieb eingestellt werden musste und viele Z\u00fcge nicht fahren konnten. Etliche B\u00e4ume waren unter der Schneelast zusammengebrochen. Dann sagt sie, die Transformation zur klimaneutralen Wirtschaft erhalte nicht nur viele Arbeitspl\u00e4tze, sondern schaffe vor allem auch viele neue. Mit diesem Auftritt wirkt das allerdings wenig glaubhaft.<\/p>\n","protected":false},"excerpt":{"rendered":"<div class=\"mh-excerpt\"><p>Mit ihrem Instagram-Video zur Internationalen Klimakonferenz hat die Fraktionsvorsitzende der Gr\u00fcnen im Bayerischen Landtag, Katharina Schulze, im Netz vielfach f\u00fcr Entsetzen gesorgt. Man wirft ihr v\u00f6lligen Realit\u00e4tsverlust vor. W\u00e4hrend es aufgrund des fr\u00fchen Wintereinbruchs in <a class=\"mh-excerpt-more\" href=\"https:\/\/www.studiogera.de\/001\/2023\/12\/04\/gruene-politikerin-irritiert-mit-instagram-video\/\" title=\"GR\u00dcNE POLITIKERIN IRRITIERT MIT INSTAGRAM-VIDEO\">[&#8230;]<\/a><\/p>\n<\/div>","protected":false},"author":2,"featured_media":28472,"comment_status":"open","ping_status":"open","sticky":false,"template":"","format":"standard","meta":{"footnotes":""},"categories":[1],"tags":[],"class_list":{"0":"post-28470","1":"post","2":"type-post","3":"status-publish","4":"format-standard","5":"has-post-thumbnail","7":"category-vermischtes"},"_links":{"self":[{"href":"https:\/\/www.studiogera.de\/001\/wp-json\/wp\/v2\/posts\/28470","targetHints":{"allow":["GET"]}}],"collection":[{"href":"https:\/\/www.studiogera.de\/001\/wp-json\/wp\/v2\/posts"}],"about":[{"href":"https:\/\/www.studiogera.de\/001\/wp-json\/wp\/v2\/types\/post"}],"author":[{"embeddable":true,"href":"https:\/\/www.studiogera.de\/001\/wp-json\/wp\/v2\/users\/2"}],"replies":[{"embeddable":true,"href":"https:\/\/www.studiogera.de\/001\/wp-json\/wp\/v2\/comments?post=28470"}],"version-history":[{"count":3,"href":"https:\/\/www.studiogera.de\/001\/wp-json\/wp\/v2\/posts\/28470\/revisions"}],"predecessor-version":[{"id":28475,"href":"https:\/\/www.studiogera.de\/001\/wp-json\/wp\/v2\/posts\/28470\/revisions\/28475"}],"wp:featuredmedia":[{"embeddable":true,"href":"https:\/\/www.studiogera.de\/001\/wp-json\/wp\/v2\/media\/28472"}],"wp:attachment":[{"href":"https:\/\/www.studiogera.de\/001\/wp-json\/wp\/v2\/media?parent=28470"}],"wp:term":[{"taxonomy":"category","embeddable":true,"href":"https:\/\/www.studiogera.de\/001\/wp-json\/wp\/v2\/categories?post=28470"},{"taxonomy":"post_tag","embeddable":true,"href":"https:\/\/www.studiogera.de\/001\/wp-json\/wp\/v2\/tags?post=28470"}],"curies":[{"name":"wp","href":"https:\/\/api.w.org\/{rel}","templated":true}]}}