{"id":28595,"date":"2023-12-11T15:23:10","date_gmt":"2023-12-11T14:23:10","guid":{"rendered":"http:\/\/www.studiogera.de\/001\/?p=28595"},"modified":"2023-12-11T15:23:11","modified_gmt":"2023-12-11T14:23:11","slug":"diebstahl-aus-einer-gartenanlage-in-bad-koestritz","status":"publish","type":"post","link":"https:\/\/www.studiogera.de\/001\/2023\/12\/11\/diebstahl-aus-einer-gartenanlage-in-bad-koestritz\/","title":{"rendered":"DIEBSTAHL AUS EINER GARTENANLAGE IN BAD K\u00d6STRITZ"},"content":{"rendered":"\n<p>Unbekannte verschafften sich im Zeitraum von Freitag auf Samstag, den 9. Dezember, Zutritt zu drei Gartengrundst\u00fccken in einer Kleingartenanlage in der Bad K\u00f6stritzer Schulstra\u00dfe. Entwendet wurden aus den gewaltsam ge\u00f6ffneten Gartenlauben anschlie\u00dfend Werkzeuge sowie etwa 50 Meter Kupferkabel. Die Geraer Polizei hat die Ermittlungen aufgenommen und sucht nach Zeugen. Anzugeben ist die Bezugsnummer 0321548\/2023.<\/p>\n","protected":false},"excerpt":{"rendered":"<div class=\"mh-excerpt\"><p>Unbekannte verschafften sich im Zeitraum von Freitag auf Samstag, den 9. Dezember, Zutritt zu drei Gartengrundst\u00fccken in einer Kleingartenanlage in der Bad K\u00f6stritzer Schulstra\u00dfe. Entwendet wurden aus den gewaltsam ge\u00f6ffneten Gartenlauben anschlie\u00dfend Werkzeuge sowie etwa <a class=\"mh-excerpt-more\" href=\"https:\/\/www.studiogera.de\/001\/2023\/12\/11\/diebstahl-aus-einer-gartenanlage-in-bad-koestritz\/\" title=\"DIEBSTAHL AUS EINER GARTENANLAGE IN BAD K\u00d6STRITZ\">[&#8230;]<\/a><\/p>\n<\/div>","protected":false},"author":2,"featured_media":9353,"comment_status":"open","ping_status":"open","sticky":false,"template":"","format":"standard","meta":{"footnotes":""},"categories":[13],"tags":[],"class_list":{"0":"post-28595","1":"post","2":"type-post","3":"status-publish","4":"format-standard","5":"has-post-thumbnail","7":"category-polizeiberichte"},"_links":{"self":[{"href":"https:\/\/www.studiogera.de\/001\/wp-json\/wp\/v2\/posts\/28595","targetHints":{"allow":["GET"]}}],"collection":[{"href":"https:\/\/www.studiogera.de\/001\/wp-json\/wp\/v2\/posts"}],"about":[{"href":"https:\/\/www.studiogera.de\/001\/wp-json\/wp\/v2\/types\/post"}],"author":[{"embeddable":true,"href":"https:\/\/www.studiogera.de\/001\/wp-json\/wp\/v2\/users\/2"}],"replies":[{"embeddable":true,"href":"https:\/\/www.studiogera.de\/001\/wp-json\/wp\/v2\/comments?post=28595"}],"version-history":[{"count":1,"href":"https:\/\/www.studiogera.de\/001\/wp-json\/wp\/v2\/posts\/28595\/revisions"}],"predecessor-version":[{"id":28596,"href":"https:\/\/www.studiogera.de\/001\/wp-json\/wp\/v2\/posts\/28595\/revisions\/28596"}],"wp:featuredmedia":[{"embeddable":true,"href":"https:\/\/www.studiogera.de\/001\/wp-json\/wp\/v2\/media\/9353"}],"wp:attachment":[{"href":"https:\/\/www.studiogera.de\/001\/wp-json\/wp\/v2\/media?parent=28595"}],"wp:term":[{"taxonomy":"category","embeddable":true,"href":"https:\/\/www.studiogera.de\/001\/wp-json\/wp\/v2\/categories?post=28595"},{"taxonomy":"post_tag","embeddable":true,"href":"https:\/\/www.studiogera.de\/001\/wp-json\/wp\/v2\/tags?post=28595"}],"curies":[{"name":"wp","href":"https:\/\/api.w.org\/{rel}","templated":true}]}}