{"id":28597,"date":"2023-12-11T15:24:58","date_gmt":"2023-12-11T14:24:58","guid":{"rendered":"http:\/\/www.studiogera.de\/001\/?p=28597"},"modified":"2023-12-11T15:24:59","modified_gmt":"2023-12-11T14:24:59","slug":"einbruch-in-bieblacher-jugendklub","status":"publish","type":"post","link":"https:\/\/www.studiogera.de\/001\/2023\/12\/11\/einbruch-in-bieblacher-jugendklub\/","title":{"rendered":"EINBRUCH IN BIEBLACHER JUGENDKLUB"},"content":{"rendered":"\n<p>Unbekannte verschafften sich am Montag, den 11. Dezember, in der Nacht um 3 Uhr gewaltsam Zutritt zu einem Jugendclub in der Julius-Storm-Stra\u00dfe. Die T\u00e4ter entwendeten jedoch anschlie\u00dfend keine Gegenst\u00e4nde. Am Geb\u00e4ude selbst entstand Sachschaden. Die Geraer Polizei hat die Ermittlungen wegen Einbruches aufgenommen und sucht unter der Bezugsnummer 0322198\/2023 nach Zeugen.<\/p>\n","protected":false},"excerpt":{"rendered":"<div class=\"mh-excerpt\"><p>Unbekannte verschafften sich am Montag, den 11. Dezember, in der Nacht um 3 Uhr gewaltsam Zutritt zu einem Jugendclub in der Julius-Storm-Stra\u00dfe. Die T\u00e4ter entwendeten jedoch anschlie\u00dfend keine Gegenst\u00e4nde. Am Geb\u00e4ude selbst entstand Sachschaden. Die <a class=\"mh-excerpt-more\" href=\"https:\/\/www.studiogera.de\/001\/2023\/12\/11\/einbruch-in-bieblacher-jugendklub\/\" title=\"EINBRUCH IN BIEBLACHER JUGENDKLUB\">[&#8230;]<\/a><\/p>\n<\/div>","protected":false},"author":2,"featured_media":9356,"comment_status":"open","ping_status":"open","sticky":false,"template":"","format":"standard","meta":{"footnotes":""},"categories":[13],"tags":[],"class_list":{"0":"post-28597","1":"post","2":"type-post","3":"status-publish","4":"format-standard","5":"has-post-thumbnail","7":"category-polizeiberichte"},"_links":{"self":[{"href":"https:\/\/www.studiogera.de\/001\/wp-json\/wp\/v2\/posts\/28597","targetHints":{"allow":["GET"]}}],"collection":[{"href":"https:\/\/www.studiogera.de\/001\/wp-json\/wp\/v2\/posts"}],"about":[{"href":"https:\/\/www.studiogera.de\/001\/wp-json\/wp\/v2\/types\/post"}],"author":[{"embeddable":true,"href":"https:\/\/www.studiogera.de\/001\/wp-json\/wp\/v2\/users\/2"}],"replies":[{"embeddable":true,"href":"https:\/\/www.studiogera.de\/001\/wp-json\/wp\/v2\/comments?post=28597"}],"version-history":[{"count":1,"href":"https:\/\/www.studiogera.de\/001\/wp-json\/wp\/v2\/posts\/28597\/revisions"}],"predecessor-version":[{"id":28598,"href":"https:\/\/www.studiogera.de\/001\/wp-json\/wp\/v2\/posts\/28597\/revisions\/28598"}],"wp:featuredmedia":[{"embeddable":true,"href":"https:\/\/www.studiogera.de\/001\/wp-json\/wp\/v2\/media\/9356"}],"wp:attachment":[{"href":"https:\/\/www.studiogera.de\/001\/wp-json\/wp\/v2\/media?parent=28597"}],"wp:term":[{"taxonomy":"category","embeddable":true,"href":"https:\/\/www.studiogera.de\/001\/wp-json\/wp\/v2\/categories?post=28597"},{"taxonomy":"post_tag","embeddable":true,"href":"https:\/\/www.studiogera.de\/001\/wp-json\/wp\/v2\/tags?post=28597"}],"curies":[{"name":"wp","href":"https:\/\/api.w.org\/{rel}","templated":true}]}}